{"id":23574,"date":"2025-10-17T03:58:42","date_gmt":"2025-10-17T07:58:42","guid":{"rendered":"https:\/\/entretormentas.com\/?p=23574"},"modified":"2025-10-17T03:58:43","modified_gmt":"2025-10-17T07:58:43","slug":"orgullo-regional-el-tranvia-de-maracaibo-es-nominado-al-premio-nacional-de-turismo","status":"publish","type":"post","link":"https:\/\/entretormentas.com\/orgullo-regional-el-tranvia-de-maracaibo-es-nominado-al-premio-nacional-de-turismo\/","title":{"rendered":"\u00a1ORGULLO REGIONAL! El Tranv\u00eda de Maracaibo es nominado al Premio Nacional de Turismo"},"content":{"rendered":"\n<p><strong>ENTRE TORMENTAS.<\/strong> La Fundaci\u00f3n Tranv\u00eda de Maracaibo, adscrita a la Alcald\u00eda de Maracaibo, ha sido nominada para el prestigioso Premio Nacional de Turismo, menci\u00f3n calidad de servicio, en la categor\u00eda transporte terrestre.<\/p>\n\n\n\n<p>Este reconocimiento, que otorga el Ejecutivo nacional a trav\u00e9s del Ministerio del Poder Popular para el Turismo, es el m\u00e1ximo galard\u00f3n de reconocimiento a la calidad de los prestadores del servicio tur\u00edstico en nuestro pa\u00eds.<\/p>\n\n\n\n<p>En sus redes, la Fundaci\u00f3n Tranv\u00eda de Maracaibo se congratul\u00f3 por la nominaci\u00f3n.<br>\u201cEstamos de fiesta! El Tranv\u00eda de Maracaibo y nuestro gu\u00eda de turismo, Daniel Aguado, han sido nominados para el prestigioso Premio Nacional de Turismo. Este reconocimiento resalta la calidad y el compromiso de nuestro equipo. \u00a1Gracias por creer y confiar en nuestro trabajo!\u201d public\u00f3 en Instagram el ente municipal, al frente del cual el alcalde Giancarlo Di Martino design\u00f3 a Estefan\u00eda Contreras desde el inicio de su gesti\u00f3n.<\/p>\n\n\n\n<p><strong>VIAJE M\u00c1GICO Y DE TRADICI\u00d3N<\/strong><br>\u201cEn la Tierra del Sol Amada, la Fundaci\u00f3n Tranv\u00eda de Maracaibo es m\u00e1s que una atracci\u00f3n: es un viaje m\u00e1gico lleno de experiencia, historia y tradici\u00f3n\u201d, indican en otra publicaci\u00f3n.<\/p>\n\n\n\n<figure class=\"wp-block-image size-full\"><img fetchpriority=\"high\" decoding=\"async\" width=\"459\" height=\"312\" src=\"https:\/\/entretormentas.com\/wp-content\/uploads\/2025\/10\/tranvidi2.jpg\" alt=\"\" class=\"wp-image-23575\" srcset=\"https:\/\/entretormentas.com\/wp-content\/uploads\/2025\/10\/tranvidi2.jpg 459w, https:\/\/entretormentas.com\/wp-content\/uploads\/2025\/10\/tranvidi2-300x204.jpg 300w\" sizes=\"(max-width: 459px) 100vw, 459px\" \/><\/figure>\n\n\n\n<p>\u201cOrgullosos de representar a nuestra ciudad en la categor\u00eda Transporte Tur\u00edstico Terrestre, con menci\u00f3n en \u00abCalidad de Servicio\u00bb. Nuestro veh\u00edculo rojo y amarillo evoca alegr\u00eda, gentilicio y una profunda conexi\u00f3n con la identidad marabina. \u00a1Gracias a todos los que hacen parte de esta historia!\u201d, agregan en el post.<br>El Tranv\u00eda de Maracaibo es el \u00fanico servicio tur\u00edstico del Zulia nominado en su categor\u00eda por el premio de Ministerio Popular para el Turismo.<\/p>\n\n\n\n<p>En la categor\u00eda \u201cIniciativa en tecnolog\u00edas aplicadas al turismo\u201d, por otra parte, fue nominada la Casa de la Capitulaci\u00f3n; adscrita a la Gobernaci\u00f3n del Zulia.<\/p>\n\n\n\n<p><strong>RECONOCIMIENTO NACIONAL<\/strong><br>El Premio Nacional de Turismo \u2013que este a\u00f1o celebra su cuarta edici\u00f3n- es una distinci\u00f3n gubernamental que reconoce las buenas pr\u00e1cticas y debida prestaci\u00f3n de servicios tur\u00edsticos, bajo los principios de solidaridad, cooperaci\u00f3n, innovaci\u00f3n, inclusi\u00f3n, desarrollo y cuidado al ambiente.<\/p>\n\n\n\n<p>Reconoce, adem\u00e1s, otras cualidades como sostenibilidad, educaci\u00f3n y capacitaci\u00f3n, responsabilidad social, buena gerencia, cumplimiento los objetivos comunitarios, intercambio cultural y otros valores c\u00f3nsonos con los objetivos de desarrollo nacional.<br><strong><em>ET \/ Prensa Alcald\u00eda de Maracaibo<\/em><\/strong><\/p>\n\n\n\n<p><\/p>\n","protected":false},"excerpt":{"rendered":"<p>ENTRE TORMENTAS. La Fundaci\u00f3n Tranv\u00eda de Maracaibo, adscrita a la Alcald\u00eda de Maracaibo, ha sido&#8230;<\/p>\n","protected":false},"author":2,"featured_media":23576,"comment_status":"closed","ping_status":"open","sticky":false,"template":"","format":"standard","meta":{"footnotes":""},"categories":[57,1],"tags":[],"class_list":["post-23574","post","type-post","status-publish","format-standard","has-post-thumbnail","hentry","category-actualidad","category-regionales"],"_links":{"self":[{"href":"https:\/\/entretormentas.com\/index.php?rest_route=\/wp\/v2\/posts\/23574","targetHints":{"allow":["GET"]}}],"collection":[{"href":"https:\/\/entretormentas.com\/index.php?rest_route=\/wp\/v2\/posts"}],"about":[{"href":"https:\/\/entretormentas.com\/index.php?rest_route=\/wp\/v2\/types\/post"}],"author":[{"embeddable":true,"href":"https:\/\/entretormentas.com\/index.php?rest_route=\/wp\/v2\/users\/2"}],"replies":[{"embeddable":true,"href":"https:\/\/entretormentas.com\/index.php?rest_route=%2Fwp%2Fv2%2Fcomments&post=23574"}],"version-history":[{"count":1,"href":"https:\/\/entretormentas.com\/index.php?rest_route=\/wp\/v2\/posts\/23574\/revisions"}],"predecessor-version":[{"id":23577,"href":"https:\/\/entretormentas.com\/index.php?rest_route=\/wp\/v2\/posts\/23574\/revisions\/23577"}],"wp:featuredmedia":[{"embeddable":true,"href":"https:\/\/entretormentas.com\/index.php?rest_route=\/wp\/v2\/media\/23576"}],"wp:attachment":[{"href":"https:\/\/entretormentas.com\/index.php?rest_route=%2Fwp%2Fv2%2Fmedia&parent=23574"}],"wp:term":[{"taxonomy":"category","embeddable":true,"href":"https:\/\/entretormentas.com\/index.php?rest_route=%2Fwp%2Fv2%2Fcategories&post=23574"},{"taxonomy":"post_tag","embeddable":true,"href":"https:\/\/entretormentas.com\/index.php?rest_route=%2Fwp%2Fv2%2Ftags&post=23574"}],"curies":[{"name":"wp","href":"https:\/\/api.w.org\/{rel}","templated":true}]}}