{"id":23578,"date":"2025-10-17T04:02:24","date_gmt":"2025-10-17T08:02:24","guid":{"rendered":"https:\/\/entretormentas.com\/?p=23578"},"modified":"2025-10-17T04:02:25","modified_gmt":"2025-10-17T08:02:25","slug":"desde-la-basilica-alcaldia-de-maracaibo-acompanara-canonizacion-del-dr-jose-gregorio-hernandez-y-la-madre-carmen-rendiles","status":"publish","type":"post","link":"https:\/\/entretormentas.com\/desde-la-basilica-alcaldia-de-maracaibo-acompanara-canonizacion-del-dr-jose-gregorio-hernandez-y-la-madre-carmen-rendiles\/","title":{"rendered":"\u00a1DESDE LA BAS\u00cdLICA! Alcald\u00eda de Maracaibo acompa\u00f1ar\u00e1 canonizaci\u00f3n del Dr. Jos\u00e9 Gregorio Hern\u00e1ndez y la Madre Carmen Rendiles"},"content":{"rendered":"\n<p><strong><em>La convocatoria tendr\u00e1 lugar en la Bas\u00edlica Nuestra Se\u00f1ora de Chiquinquir\u00e1, epicentro de la fe mariana de la ciudad, este domingo 19 de octubre<\/em><\/strong><\/p>\n\n\n\n<p><strong>ENTRE TORMENTAS.<\/strong> Con una convocatoria en la Bas\u00edlica de Nuestra Se\u00f1ora de Chiquinquir\u00e1, que iniciar\u00e1 desde las 4:00 de la ma\u00f1ana este domingo 19 de octubre, la Alcald\u00eda de Maracaibo, junto a la colectividad, se prepara para acompa\u00f1ar, en tiempo real, la ceremonia de canonizaci\u00f3n del Dr. Jos\u00e9 Gregorio Hern\u00e1ndez y de la Madre Carmen Rendiles, quienes se convertir\u00e1n en los primeros santos venezolanos, por la Iglesia Cat\u00f3lica.<\/p>\n\n\n\n<p>As\u00ed lo inform\u00f3 el Alcalde Bolivariano de Maracaibo, Giancarlo Di Martino, este jueves 16 de octubre, durante un encuentro con representantes de los medios de comunicaci\u00f3n.<\/p>\n\n\n\n<figure class=\"wp-block-image size-large\"><img fetchpriority=\"high\" decoding=\"async\" width=\"1024\" height=\"576\" src=\"https:\/\/entretormentas.com\/wp-content\/uploads\/2025\/10\/canodi2-1024x576.jpg\" alt=\"\" class=\"wp-image-23579\" srcset=\"https:\/\/entretormentas.com\/wp-content\/uploads\/2025\/10\/canodi2-1024x576.jpg 1024w, https:\/\/entretormentas.com\/wp-content\/uploads\/2025\/10\/canodi2-300x169.jpg 300w, https:\/\/entretormentas.com\/wp-content\/uploads\/2025\/10\/canodi2-768x432.jpg 768w, https:\/\/entretormentas.com\/wp-content\/uploads\/2025\/10\/canodi2.jpg 1280w\" sizes=\"(max-width: 1024px) 100vw, 1024px\" \/><\/figure>\n\n\n\n<p>La hist\u00f3rica ceremonia religiosa que marca un antes y un despu\u00e9s en el seno de la feligres\u00eda venezolana, se llevar\u00e1 a cabo este domingo 19 de octubre, a las 10:00 de la ma\u00f1ana (hora Roma).<\/p>\n\n\n\n<p><strong>INVITACI\u00d3N A TODO EL PUEBLO MARABINO<\/strong><br>\u201cLos invitamos a todos a acompa\u00f1ar este acto religioso que nos llena de alegr\u00eda, fe y esperanza. Ya a partir de este 19 de octubre tendremos a nuestros primeros santos venezolanos\u201d, dijo el alcalde Di Martino.<\/p>\n\n\n\n<figure class=\"wp-block-image size-large\"><img decoding=\"async\" width=\"819\" height=\"1024\" src=\"https:\/\/entretormentas.com\/wp-content\/uploads\/2025\/10\/canodi3-819x1024.jpg\" alt=\"\" class=\"wp-image-23580\" srcset=\"https:\/\/entretormentas.com\/wp-content\/uploads\/2025\/10\/canodi3-819x1024.jpg 819w, https:\/\/entretormentas.com\/wp-content\/uploads\/2025\/10\/canodi3-240x300.jpg 240w, https:\/\/entretormentas.com\/wp-content\/uploads\/2025\/10\/canodi3-768x960.jpg 768w, https:\/\/entretormentas.com\/wp-content\/uploads\/2025\/10\/canodi3.jpg 864w\" sizes=\"(max-width: 819px) 100vw, 819px\" \/><\/figure>\n\n\n\n<p>La Alcald\u00eda, en el contexto religioso y de j\u00fabilo por este hito religioso, tiene previsto en los pr\u00f3ximos d\u00edas iniciar los trabajos de construcci\u00f3n del corredor vial San Jos\u00e9 Gregorio Hern\u00e1ndez, en la Av. 20 de la ciudad, como un homenaje al \u00abSanto de los pobres\u00bb, venerado por marabinos.<\/p>\n\n\n\n<p>La fe y la alegr\u00eda se unir\u00e1n y se pondr\u00e1n de manifiesto para celebrar este hito religioso que reaviva la esperanza en los marabinos y Venezuela. La Bas\u00edlica tendr\u00e1 la \u201cVigilia de Santidad\u201d.<br><strong><em>ET \/ Prensa Alcald\u00eda de Maracaibo<\/em><\/strong><\/p>\n\n\n\n<p><\/p>\n","protected":false},"excerpt":{"rendered":"<p>La convocatoria tendr\u00e1 lugar en la Bas\u00edlica Nuestra Se\u00f1ora de Chiquinquir\u00e1, epicentro de la fe&#8230;<\/p>\n","protected":false},"author":2,"featured_media":23581,"comment_status":"closed","ping_status":"open","sticky":false,"template":"","format":"standard","meta":{"footnotes":""},"categories":[57,1],"tags":[],"class_list":["post-23578","post","type-post","status-publish","format-standard","has-post-thumbnail","hentry","category-actualidad","category-regionales"],"_links":{"self":[{"href":"https:\/\/entretormentas.com\/index.php?rest_route=\/wp\/v2\/posts\/23578","targetHints":{"allow":["GET"]}}],"collection":[{"href":"https:\/\/entretormentas.com\/index.php?rest_route=\/wp\/v2\/posts"}],"about":[{"href":"https:\/\/entretormentas.com\/index.php?rest_route=\/wp\/v2\/types\/post"}],"author":[{"embeddable":true,"href":"https:\/\/entretormentas.com\/index.php?rest_route=\/wp\/v2\/users\/2"}],"replies":[{"embeddable":true,"href":"https:\/\/entretormentas.com\/index.php?rest_route=%2Fwp%2Fv2%2Fcomments&post=23578"}],"version-history":[{"count":1,"href":"https:\/\/entretormentas.com\/index.php?rest_route=\/wp\/v2\/posts\/23578\/revisions"}],"predecessor-version":[{"id":23582,"href":"https:\/\/entretormentas.com\/index.php?rest_route=\/wp\/v2\/posts\/23578\/revisions\/23582"}],"wp:featuredmedia":[{"embeddable":true,"href":"https:\/\/entretormentas.com\/index.php?rest_route=\/wp\/v2\/media\/23581"}],"wp:attachment":[{"href":"https:\/\/entretormentas.com\/index.php?rest_route=%2Fwp%2Fv2%2Fmedia&parent=23578"}],"wp:term":[{"taxonomy":"category","embeddable":true,"href":"https:\/\/entretormentas.com\/index.php?rest_route=%2Fwp%2Fv2%2Fcategories&post=23578"},{"taxonomy":"post_tag","embeddable":true,"href":"https:\/\/entretormentas.com\/index.php?rest_route=%2Fwp%2Fv2%2Ftags&post=23578"}],"curies":[{"name":"wp","href":"https:\/\/api.w.org\/{rel}","templated":true}]}}