{"id":23587,"date":"2025-10-17T04:10:24","date_gmt":"2025-10-17T08:10:24","guid":{"rendered":"https:\/\/entretormentas.com\/?p=23587"},"modified":"2025-10-17T04:10:24","modified_gmt":"2025-10-17T08:10:24","slug":"nuevo-rostro-alcaldia-rescatara-el-callejon-de-los-pobres-bajo-la-esencia-del-emblematico-saladillo","status":"publish","type":"post","link":"https:\/\/entretormentas.com\/nuevo-rostro-alcaldia-rescatara-el-callejon-de-los-pobres-bajo-la-esencia-del-emblematico-saladillo\/","title":{"rendered":"\u00a1NUEVO ROSTRO! Alcald\u00eda rescatar\u00e1 el \u201cCallej\u00f3n de los pobres\u201d bajo la esencia del emblem\u00e1tico Saladillo"},"content":{"rendered":"\n<p><strong>ENTRE TORMENTAS. <\/strong>Con la recreaci\u00f3n de las casas de El Saladillo como fuerza viva de identidad marabina, la Alcald\u00eda de Maracaibo, rescatar\u00e1 y reacondicionar\u00e1 el emblem\u00e1tico e ic\u00f3nico Callej\u00f3n de los Pobres, centro de compras por excelencia, de la ciudad.<\/p>\n\n\n\n<p>Giancarlo Di Martino, alcalde de Maracaibo, en rueda de prensa realizada este jueves 16 de octubre, en la sede de la municipalidad y junto a la Fundaci\u00f3n Maracaibo Juntos Todo es Posible, present\u00f3 el proyecto denominado: \u201cVisi\u00f3n de futuro del comercio urbano, rescate y renovaci\u00f3n del Callej\u00f3n de los Pobres\u201d.<\/p>\n\n\n\n<p>La descripci\u00f3n del proyecto estuvo a cargo del arquitecto Ernesto Rivera, quien precis\u00f3 que la renovaci\u00f3n del acceso principal contempla un p\u00f3rtico tipo umbral, inspirado en las fachadas de las casas de El Saladillo, con colores vibrantes y figuras geom\u00e9tricas.<\/p>\n\n\n\n<figure class=\"wp-block-image size-large\"><img fetchpriority=\"high\" decoding=\"async\" width=\"1024\" height=\"610\" src=\"https:\/\/entretormentas.com\/wp-content\/uploads\/2025\/10\/calledi2-1024x610.jpg\" alt=\"\" class=\"wp-image-23588\" srcset=\"https:\/\/entretormentas.com\/wp-content\/uploads\/2025\/10\/calledi2-1024x610.jpg 1024w, https:\/\/entretormentas.com\/wp-content\/uploads\/2025\/10\/calledi2-300x179.jpg 300w, https:\/\/entretormentas.com\/wp-content\/uploads\/2025\/10\/calledi2-768x458.jpg 768w, https:\/\/entretormentas.com\/wp-content\/uploads\/2025\/10\/calledi2.jpg 1279w\" sizes=\"(max-width: 1024px) 100vw, 1024px\" \/><\/figure>\n\n\n\n<p>Con relaci\u00f3n a los puestos, estos tendr\u00e1n una nueva se\u00f1alizaci\u00f3n, as\u00ed como, techos inclinados que asemejan los de las casas de El Saladillo, con una estructura liviana, con entrada de luz natural de forma controlada y ventilaci\u00f3n cruzada que proteger\u00e1 a los comerciantes y visitantes, del sol y la lluvia.<\/p>\n\n\n\n<p>En su intervenci\u00f3n Ambar D\u00edaz, presidenta de la Fundaci\u00f3n Maracaibo Juntos Todo es Posible, indic\u00f3 que \u201ceste proyecto es la respuesta de la Corporaci\u00f3n Juntos Todo es Posible al desaf\u00edo de la modernidad en l\u00ednea con el liderazgo de nuestro alcalde Giancarlo Di Martino, nuestro gobernador Luis Caldera y nuestro presidente Nicol\u00e1s Maduro\u201d.<\/p>\n\n\n\n<p><strong>TRANSFORMACI\u00d3N CON IMPACTO POSITIVO<\/strong><br>D\u00edaz enfatiz\u00f3: \u201cno solo proponemos una cubierta, estamos invirtiendo en prop\u00f3sitos sostenibles y en una estructura urbana que seguir\u00e1 siendo la columna vertebral de la econom\u00eda del Zulia por d\u00e9cadas. A los medios les pedimos sean nuestros aliados en comunicar la seriedad t\u00e9cnica y el impacto positivo de esta transformaci\u00f3n. A la comunidad y a los comerciantes les pedimos paciencia y colaboraci\u00f3n, nuestra ciudad est\u00e1 lista para la transformaci\u00f3n\u201d.<\/p>\n\n\n\n<p>Este proyecto -dijo D\u00edaz- no es un gasto es una inversi\u00f3n estrat\u00e9gica en el futuro de la comunidad.<\/p>\n\n\n\n<p>El m\u00e1ximo jefe municipal indic\u00f3, \u201ceste es un proyecto que estamos poniendo sobre la mesa, para que hombres y mujeres que conviven en el Callej\u00f3n de los Pobres lo tonifiquen. Se parti\u00f3 de los elementos t\u00e9cnicos y algunos que la experiencia nos ha dado; esto se hizo de noche y madrugada\u201d.<\/p>\n\n\n\n<p>Di Martino dijo, \u201ctodo el casco central por razones obvias es muy sensible y m\u00e1s cuando entramos en estos meses, desde el punto de vista econ\u00f3mico. Es un proyecto que empieza con el reacondicionamiento de la Plaza Baralt, y se va conectando con la Calle Zamora, otros puntos aleda\u00f1os hasta llegar al Callej\u00f3n de los Pobres\u201d.<\/p>\n\n\n\n<figure class=\"wp-block-image size-full\"><img decoding=\"async\" width=\"809\" height=\"860\" src=\"https:\/\/entretormentas.com\/wp-content\/uploads\/2025\/10\/calledi3.jpg\" alt=\"\" class=\"wp-image-23589\" srcset=\"https:\/\/entretormentas.com\/wp-content\/uploads\/2025\/10\/calledi3.jpg 809w, https:\/\/entretormentas.com\/wp-content\/uploads\/2025\/10\/calledi3-282x300.jpg 282w, https:\/\/entretormentas.com\/wp-content\/uploads\/2025\/10\/calledi3-768x816.jpg 768w\" sizes=\"(max-width: 809px) 100vw, 809px\" \/><\/figure>\n\n\n\n<p><strong>REACTIVAR LA ECONOM\u00cdA<\/strong><br>\u201cEsto se coloca sobre la mesa, no hay excusa, tenemos el apoyo de nuestro presidente Nicol\u00e1s Maduro y una estructura de gobierno que est\u00e1 a disposici\u00f3n del estado Zulia y Maracaibo\u201d, agreg\u00f3 Di Martino.<\/p>\n\n\n\n<p>Afirm\u00f3, \u201ces un sitio donde naci\u00f3 Maracaibo, tenemos la fe y la esperanza de que se va a reactivar la econom\u00eda y el trabajo\u201d.<\/p>\n\n\n\n<p>Mir\u00e1lida Landino con m\u00e1s de 23 a\u00f1os como vendedora aplaudi\u00f3 la iniciativa del alcalde \u201cgracias por esta idea que nos dignifica y da mucho m\u00e1s valor a nuestro casco central comercial\u201d.<\/p>\n\n\n\n<p>La rueda de prensa cont\u00f3 con la presencia, adem\u00e1s, de Miguel Silva, Intendente Urbano de la alcald\u00eda; Francisco Urbina Nava, director del Centro Rafael Urdaneta; y Dimas Graterol, por el sector comercial del Callej\u00f3n de los Pobres, quien destac\u00f3 que el alcalde Di Martino, es un l\u00edder de visi\u00f3n y acci\u00f3n, con el compromiso de devolverle a Maracaibo el sitial de la primera ciudad de Venezuela.<br><strong><em>ET \/ Prensa Alcald\u00eda de Maracaibo<\/em><\/strong><\/p>\n\n\n\n<p><\/p>\n","protected":false},"excerpt":{"rendered":"<p>ENTRE TORMENTAS. Con la recreaci\u00f3n de las casas de El Saladillo como fuerza viva de&#8230;<\/p>\n","protected":false},"author":2,"featured_media":23590,"comment_status":"closed","ping_status":"open","sticky":false,"template":"","format":"standard","meta":{"footnotes":""},"categories":[57,1],"tags":[],"class_list":["post-23587","post","type-post","status-publish","format-standard","has-post-thumbnail","hentry","category-actualidad","category-regionales"],"_links":{"self":[{"href":"https:\/\/entretormentas.com\/index.php?rest_route=\/wp\/v2\/posts\/23587","targetHints":{"allow":["GET"]}}],"collection":[{"href":"https:\/\/entretormentas.com\/index.php?rest_route=\/wp\/v2\/posts"}],"about":[{"href":"https:\/\/entretormentas.com\/index.php?rest_route=\/wp\/v2\/types\/post"}],"author":[{"embeddable":true,"href":"https:\/\/entretormentas.com\/index.php?rest_route=\/wp\/v2\/users\/2"}],"replies":[{"embeddable":true,"href":"https:\/\/entretormentas.com\/index.php?rest_route=%2Fwp%2Fv2%2Fcomments&post=23587"}],"version-history":[{"count":1,"href":"https:\/\/entretormentas.com\/index.php?rest_route=\/wp\/v2\/posts\/23587\/revisions"}],"predecessor-version":[{"id":23591,"href":"https:\/\/entretormentas.com\/index.php?rest_route=\/wp\/v2\/posts\/23587\/revisions\/23591"}],"wp:featuredmedia":[{"embeddable":true,"href":"https:\/\/entretormentas.com\/index.php?rest_route=\/wp\/v2\/media\/23590"}],"wp:attachment":[{"href":"https:\/\/entretormentas.com\/index.php?rest_route=%2Fwp%2Fv2%2Fmedia&parent=23587"}],"wp:term":[{"taxonomy":"category","embeddable":true,"href":"https:\/\/entretormentas.com\/index.php?rest_route=%2Fwp%2Fv2%2Fcategories&post=23587"},{"taxonomy":"post_tag","embeddable":true,"href":"https:\/\/entretormentas.com\/index.php?rest_route=%2Fwp%2Fv2%2Ftags&post=23587"}],"curies":[{"name":"wp","href":"https:\/\/api.w.org\/{rel}","templated":true}]}}