{"id":23596,"date":"2025-10-17T04:18:36","date_gmt":"2025-10-17T08:18:36","guid":{"rendered":"https:\/\/entretormentas.com\/?p=23596"},"modified":"2025-10-17T04:18:37","modified_gmt":"2025-10-17T08:18:37","slug":"fervor-mariano-develan-los-mantos-que-lucira-nuestra-senora-de-chiquinquira-en-sus-fiestas-patronales","status":"publish","type":"post","link":"https:\/\/entretormentas.com\/fervor-mariano-develan-los-mantos-que-lucira-nuestra-senora-de-chiquinquira-en-sus-fiestas-patronales\/","title":{"rendered":"\u00a1FERVOR MARIANO! Develan los mantos que lucir\u00e1 Nuestra Se\u00f1ora de Chiquinquir\u00e1 en sus Fiestas Patronales"},"content":{"rendered":"\n<p><strong>ENTRE TORMENTAS. <\/strong>C\u00f3mo se ha hecho tradici\u00f3n la develaci\u00f3n de los mantos que usar\u00e1 la Sagrada Reliquia de Nuestra Se\u00f1ora del Rosario de Chiquinquir\u00e1, se hizo luego de la celebraci\u00f3n Eucar\u00edstica en honor a Santa Eduviges, modelo de santidad del grupo que lleva su nombre y est\u00e1 encargado del ornamento del templo parroquial.<\/p>\n\n\n\n<p>Con una Bas\u00edlica Santuario abarrotada de feligreses, los mantos fueron expuestos para que todos tuvieran la oportunidad de conocer en detalle los motivos de las festividades Chinita 2025.<\/p>\n\n\n\n<figure class=\"wp-block-image size-large\"><img fetchpriority=\"high\" decoding=\"async\" width=\"1024\" height=\"576\" src=\"https:\/\/entretormentas.com\/wp-content\/uploads\/2025\/10\/mantochi3-1024x576.jpg\" alt=\"\" class=\"wp-image-23597\" srcset=\"https:\/\/entretormentas.com\/wp-content\/uploads\/2025\/10\/mantochi3-1024x576.jpg 1024w, https:\/\/entretormentas.com\/wp-content\/uploads\/2025\/10\/mantochi3-300x169.jpg 300w, https:\/\/entretormentas.com\/wp-content\/uploads\/2025\/10\/mantochi3-768x432.jpg 768w, https:\/\/entretormentas.com\/wp-content\/uploads\/2025\/10\/mantochi3.jpg 1280w\" sizes=\"(max-width: 1024px) 100vw, 1024px\" \/><\/figure>\n\n\n\n<p>Durante su Bajada que se realizar\u00e1 este s\u00e1bado 25 de octubre, la Patrona de los Zulianos lucir\u00e1 el manto \u201cBendici\u00f3n Papal\u201d, que tiene como objetivo dar a conocer a\u00fan m\u00e1s al Papa Le\u00f3n XIV y como pieza central lleva el escudo de su Santidad.<\/p>\n\n\n\n<p>Este manto fue dise\u00f1ado por Miriam Rodr\u00edguez y ofrendado por Norlberto Mej\u00eda y Familia.<\/p>\n\n\n\n<p>El manto que lucir\u00e1 Nuestra Se\u00f1ora de Chiquinquir\u00e1 durante sus v\u00edsperas ser\u00e1 \u201cDestello Chiquinquire\u00f1o\u201d, que fue elaborado como s\u00edmbolo de esperanza y resguardo. Representa el abrazo protector de la Chinita sobre su grey. Fue dise\u00f1ado por Jos\u00e9 Alfredo Romero y ofrendado por Alexandra Morales y Jos\u00e9 Alfredo Romero.<\/p>\n\n\n\n<p>Para la Solemnidad de Chiquinquir\u00e1 el 18 de noviembre, el manto llamado \u201cModelos de Santidad\u201d es una pieza en el que su centro est\u00e1 un medall\u00f3n que enmarca los rostros de los dos primeros Santos Venezolanos San Jos\u00e9 Gregorio Hern\u00e1ndez y Santa Carmen Rendiles. Fue dise\u00f1ado por Douglas Tapia y ofrendado por la familia Atencio Atencio.<\/p>\n\n\n\n<figure class=\"wp-block-image size-large\"><img decoding=\"async\" width=\"1024\" height=\"662\" src=\"https:\/\/entretormentas.com\/wp-content\/uploads\/2025\/10\/mantochi4-1024x662.jpg\" alt=\"\" class=\"wp-image-23598\" srcset=\"https:\/\/entretormentas.com\/wp-content\/uploads\/2025\/10\/mantochi4-1024x662.jpg 1024w, https:\/\/entretormentas.com\/wp-content\/uploads\/2025\/10\/mantochi4-300x194.jpg 300w, https:\/\/entretormentas.com\/wp-content\/uploads\/2025\/10\/mantochi4-768x497.jpg 768w, https:\/\/entretormentas.com\/wp-content\/uploads\/2025\/10\/mantochi4.jpg 1280w\" sizes=\"(max-width: 1024px) 100vw, 1024px\" \/><\/figure>\n\n\n\n<p>Para la Procesi\u00f3n Parroquial, la Sagrada Reliquia lucir\u00e1 el manto \u201cEsperanza Nuestra\u201d, una pieza de gran emotividad, el coraz\u00f3n de este, es la imagen de Mar\u00eda Esperanza Nuestra y otro detalle fundamental que puede apreciar es la Cruz Ancla que representa un signo digno del Jubileo de la Esperanza. Fue dise\u00f1ado por Rafael Tapia y ofrendado por las familias, Santana Rodr\u00edguez y Rodriguez Rodr\u00edguez.<\/p>\n\n\n\n<p>El \u00faltimo manto es el que lucir\u00e1 Nuestra Madre Chiquinquir\u00e1 en su Procesi\u00f3n de la Aurora, fue denominado \u201c25 A\u00f1os de luz sobre la iglesia venezolana\u201d y est\u00e1 inspirado en los 25 a\u00f1os del Concilio Plenario Venezolano.<\/p>\n\n\n\n<figure class=\"wp-block-image size-large\"><img decoding=\"async\" width=\"1024\" height=\"576\" src=\"https:\/\/entretormentas.com\/wp-content\/uploads\/2025\/10\/mantochi2-1024x576.jpg\" alt=\"\" class=\"wp-image-23599\" srcset=\"https:\/\/entretormentas.com\/wp-content\/uploads\/2025\/10\/mantochi2-1024x576.jpg 1024w, https:\/\/entretormentas.com\/wp-content\/uploads\/2025\/10\/mantochi2-300x169.jpg 300w, https:\/\/entretormentas.com\/wp-content\/uploads\/2025\/10\/mantochi2-768x432.jpg 768w, https:\/\/entretormentas.com\/wp-content\/uploads\/2025\/10\/mantochi2.jpg 1280w\" sizes=\"(max-width: 1024px) 100vw, 1024px\" \/><\/figure>\n\n\n\n<p>En el centro tien plasmada la figura hermosa de Chiquinquir\u00e1 y al Ni\u00f1o Jesus en sus brazos. A sus pies el mapa de Venezuela y el Cirio. Este manto consagra nuestra patria a su coraz\u00f3n inmaculado. Fue dise\u00f1ado por Luis Acosta y ofrendado por la Familia Salcedo Arape.<\/p>\n\n\n\n<p>\u201cCon Chiquinquir\u00e1 adoremos a Jes\u00fas, fuente de toda santidad\u201d.<br><strong><em>ET \/ Prensa Bas\u00edlica<\/em><\/strong><\/p>\n\n\n\n<p><\/p>\n","protected":false},"excerpt":{"rendered":"<p>ENTRE TORMENTAS. C\u00f3mo se ha hecho tradici\u00f3n la develaci\u00f3n de los mantos que usar\u00e1 la&#8230;<\/p>\n","protected":false},"author":2,"featured_media":23600,"comment_status":"closed","ping_status":"open","sticky":false,"template":"","format":"standard","meta":{"footnotes":""},"categories":[57,1],"tags":[],"class_list":["post-23596","post","type-post","status-publish","format-standard","has-post-thumbnail","hentry","category-actualidad","category-regionales"],"_links":{"self":[{"href":"https:\/\/entretormentas.com\/index.php?rest_route=\/wp\/v2\/posts\/23596","targetHints":{"allow":["GET"]}}],"collection":[{"href":"https:\/\/entretormentas.com\/index.php?rest_route=\/wp\/v2\/posts"}],"about":[{"href":"https:\/\/entretormentas.com\/index.php?rest_route=\/wp\/v2\/types\/post"}],"author":[{"embeddable":true,"href":"https:\/\/entretormentas.com\/index.php?rest_route=\/wp\/v2\/users\/2"}],"replies":[{"embeddable":true,"href":"https:\/\/entretormentas.com\/index.php?rest_route=%2Fwp%2Fv2%2Fcomments&post=23596"}],"version-history":[{"count":1,"href":"https:\/\/entretormentas.com\/index.php?rest_route=\/wp\/v2\/posts\/23596\/revisions"}],"predecessor-version":[{"id":23601,"href":"https:\/\/entretormentas.com\/index.php?rest_route=\/wp\/v2\/posts\/23596\/revisions\/23601"}],"wp:featuredmedia":[{"embeddable":true,"href":"https:\/\/entretormentas.com\/index.php?rest_route=\/wp\/v2\/media\/23600"}],"wp:attachment":[{"href":"https:\/\/entretormentas.com\/index.php?rest_route=%2Fwp%2Fv2%2Fmedia&parent=23596"}],"wp:term":[{"taxonomy":"category","embeddable":true,"href":"https:\/\/entretormentas.com\/index.php?rest_route=%2Fwp%2Fv2%2Fcategories&post=23596"},{"taxonomy":"post_tag","embeddable":true,"href":"https:\/\/entretormentas.com\/index.php?rest_route=%2Fwp%2Fv2%2Ftags&post=23596"}],"curies":[{"name":"wp","href":"https:\/\/api.w.org\/{rel}","templated":true}]}}