{"id":23602,"date":"2025-10-17T04:21:46","date_gmt":"2025-10-17T08:21:46","guid":{"rendered":"https:\/\/entretormentas.com\/?p=23602"},"modified":"2025-10-17T04:21:47","modified_gmt":"2025-10-17T08:21:47","slug":"este-domingo-19-oct-alcaldia-de-maracaibo-y-famac-afinan-detalles-para-la-xxv-caminata-rosa","status":"publish","type":"post","link":"https:\/\/entretormentas.com\/este-domingo-19-oct-alcaldia-de-maracaibo-y-famac-afinan-detalles-para-la-xxv-caminata-rosa\/","title":{"rendered":"\u00a1ESTE DOMINGO 19-OCT! Alcald\u00eda de Maracaibo y FAMAC afinan detalles para la XXV Caminata Rosa"},"content":{"rendered":"\n<p><strong>ENTRE TORMENTAS.<\/strong> Con el objetivo de ultimar detalles para la XXV \u201cCaminata por la Vida\u201d organizada por la Fundaci\u00f3n Amigos de la Mujer con C\u00e1ncer de Mama (FAMAC), la primera dama de Maracaibo y directora general de Desarrollo Social, Ana Clara Barboza de Di Martino, se reuni\u00f3 con todos los organismos de la municipalidad involucrados en este importante evento donde se estima que participen 14 mil caminantes en una marea rosa de concienciaci\u00f3n sobre la lucha contra el C\u00e1ncer de Mama.<\/p>\n\n\n\n<p>La reuni\u00f3n se llev\u00f3 a cabo en el sal\u00f3n de conferencias \u201cDr. Jos\u00e9 Manuel Delgado\u201d, en la sede de Polimaracaibo, donde asistieron la presidenta de FAMAC, Betty Fajardo, funcionarios de Polimaracaibo, Cuerpo de Bomberos, Protecci\u00f3n Civil, Direcci\u00f3n de Seguridad Ciudadana Municipal, Direcci\u00f3n General de Salud Maracaibo, Tranv\u00eda de Maracaibo, Vereda del Lago, Direcci\u00f3n General de Desarrollo Social y todos sus entes adscritos.<\/p>\n\n\n\n<p>La primera dama, Ana Clara de Di Martino, reafirm\u00f3 su compromiso y participaci\u00f3n en esta importante actividad para los marabinos y marabinas, donde la alcald\u00eda de Maracaibo \u201ctiene como compromiso- a trav\u00e9s del alcalde Giancarlo Di Martino- de masificar y visibilizar esta caminata; no solamente es una fecha en el calendario, es conmemorar la lucha que las mujeres con c\u00e1ncer de mama viven a diario\u201d, enfatiz\u00f3.<\/p>\n\n\n\n<figure class=\"wp-block-image size-large\"><img fetchpriority=\"high\" decoding=\"async\" width=\"1024\" height=\"768\" src=\"https:\/\/entretormentas.com\/wp-content\/uploads\/2025\/10\/famaccc2-1024x768.jpg\" alt=\"\" class=\"wp-image-23603\" srcset=\"https:\/\/entretormentas.com\/wp-content\/uploads\/2025\/10\/famaccc2-1024x768.jpg 1024w, https:\/\/entretormentas.com\/wp-content\/uploads\/2025\/10\/famaccc2-300x225.jpg 300w, https:\/\/entretormentas.com\/wp-content\/uploads\/2025\/10\/famaccc2-768x576.jpg 768w, https:\/\/entretormentas.com\/wp-content\/uploads\/2025\/10\/famaccc2.jpg 1080w\" sizes=\"(max-width: 1024px) 100vw, 1024px\" \/><\/figure>\n\n\n\n<p>Inform\u00f3 que la alcald\u00eda de Maracaibo tendr\u00e1 un punto de hidrataci\u00f3n, una tarima y bailoterapia en la sede de Villa Carmen, avenida Bella Vista y recalc\u00f3 que el evento contar\u00e1 con el apoyo activo de las cl\u00ednicas m\u00f3viles, ambulancias, organismos de Protecci\u00f3n Civil, Salud Maracaibo, Cuerpo de Bomberos y Direcci\u00f3n de Seguridad Ciudadana, a fin de garantizar el resguardo y bienestar de los asistentes.<\/p>\n\n\n\n<p>Betty Fajardo, Presidenta de FAMAC, manifest\u00f3 que \u201cesta fiesta, que ya no es de FAMAC, ahora es de la ciudad de Maracaibo, queremos que quede lo m\u00e1s l\u00facida para todos, porque la intenci\u00f3n es concientizar a la poblaci\u00f3n que todos debemos cuidarnos\u201d.<\/p>\n\n\n\n<p>Por su parte, el coronel (GNB) Napole\u00f3n Rivero Acosta, Director General de Polimaracaibo, dijo que \u201cesta es la primera de muchas actividades que estaremos apoyando. Estimamos recibir en esta caminata a 14 mil participantes\u201d, colocando como ejemplo la activaci\u00f3n de la Ciclov\u00eda, pues el flujo de asistentes a la Vereda del Lago ha ido en aumento, \u201cy eso se debe a la motivaci\u00f3n que tienen los marabinos y marabinas en ser part\u00edcipes en este tipo de actividades\u201d, precis\u00f3.<\/p>\n\n\n\n<p>Rivero Acosta garantiz\u00f3 que para la caminata rosa de este domingo 19 de octubre, el despliegue de seguridad estar\u00e1 garantizado para las y los participantes que van a atravesar importantes puntos ic\u00f3nicos de la ciudad como El Milagro, Plaza El \u00c1ngel, Plaza de la Rep\u00fablica, avenida Bella Vista, Villa Carmen y 5 de Julio.<br><strong><em>ET \/ Prensa Alcald\u00eda de Maracaibo<\/em><\/strong><\/p>\n\n\n\n<p><\/p>\n","protected":false},"excerpt":{"rendered":"<p>ENTRE TORMENTAS. Con el objetivo de ultimar detalles para la XXV \u201cCaminata por la Vida\u201d&#8230;<\/p>\n","protected":false},"author":2,"featured_media":23604,"comment_status":"closed","ping_status":"open","sticky":false,"template":"","format":"standard","meta":{"footnotes":""},"categories":[57,1],"tags":[],"class_list":["post-23602","post","type-post","status-publish","format-standard","has-post-thumbnail","hentry","category-actualidad","category-regionales"],"_links":{"self":[{"href":"https:\/\/entretormentas.com\/index.php?rest_route=\/wp\/v2\/posts\/23602","targetHints":{"allow":["GET"]}}],"collection":[{"href":"https:\/\/entretormentas.com\/index.php?rest_route=\/wp\/v2\/posts"}],"about":[{"href":"https:\/\/entretormentas.com\/index.php?rest_route=\/wp\/v2\/types\/post"}],"author":[{"embeddable":true,"href":"https:\/\/entretormentas.com\/index.php?rest_route=\/wp\/v2\/users\/2"}],"replies":[{"embeddable":true,"href":"https:\/\/entretormentas.com\/index.php?rest_route=%2Fwp%2Fv2%2Fcomments&post=23602"}],"version-history":[{"count":1,"href":"https:\/\/entretormentas.com\/index.php?rest_route=\/wp\/v2\/posts\/23602\/revisions"}],"predecessor-version":[{"id":23605,"href":"https:\/\/entretormentas.com\/index.php?rest_route=\/wp\/v2\/posts\/23602\/revisions\/23605"}],"wp:featuredmedia":[{"embeddable":true,"href":"https:\/\/entretormentas.com\/index.php?rest_route=\/wp\/v2\/media\/23604"}],"wp:attachment":[{"href":"https:\/\/entretormentas.com\/index.php?rest_route=%2Fwp%2Fv2%2Fmedia&parent=23602"}],"wp:term":[{"taxonomy":"category","embeddable":true,"href":"https:\/\/entretormentas.com\/index.php?rest_route=%2Fwp%2Fv2%2Fcategories&post=23602"},{"taxonomy":"post_tag","embeddable":true,"href":"https:\/\/entretormentas.com\/index.php?rest_route=%2Fwp%2Fv2%2Ftags&post=23602"}],"curies":[{"name":"wp","href":"https:\/\/api.w.org\/{rel}","templated":true}]}}