{"id":23606,"date":"2025-10-17T04:24:07","date_gmt":"2025-10-17T08:24:07","guid":{"rendered":"https:\/\/entretormentas.com\/?p=23606"},"modified":"2025-10-17T04:24:08","modified_gmt":"2025-10-17T08:24:08","slug":"el-consumidor-es-el-mas-afectado-fedenaga-reporta-variacion-de-precios-de-la-carne-al-consumidor","status":"publish","type":"post","link":"https:\/\/entretormentas.com\/el-consumidor-es-el-mas-afectado-fedenaga-reporta-variacion-de-precios-de-la-carne-al-consumidor\/","title":{"rendered":"\u00a1EL CONSUMIDOR ES EL M\u00c1S AFECTADO! Fedenaga reporta variaci\u00f3n de precios de la carne al consumidor"},"content":{"rendered":"\n<p><strong>ENTRE TORMENTAS.<\/strong> El presidente de la Federaci\u00f3n Nacional de Ganaderos de Venezuela (Fedenaga), Edgar Medina, se\u00f1al\u00f3 que existe una \u201cdesvariaci\u00f3n total\u201d entre el precio del ganado en pie, que se ubica en promedio en dos d\u00f3lares por kilo, y el costo final que llega a pagar el consumidor.<\/p>\n\n\n\n<p>\u201cVemos una desvariaci\u00f3n total en lo que es el precio a puerta del corral, o lo que nosotros llamamos el ganado en pie, comprado en la finca y de lo que le llega al consumidor\u201d, mencion\u00f3 en relaci\u00f3n a la cadena de comercializaci\u00f3n de la prote\u00edna animal.<\/p>\n\n\n\n<p>Situaci\u00f3n que, seg\u00fan Medina, se complica al momento de la cancelaci\u00f3n en bol\u00edvares debido a la distorsi\u00f3n cambiaria.<\/p>\n\n\n\n<p>Asimismo, el l\u00edder gremial detall\u00f3 que, pese a la estabilidad en el precio para el productor, se registra una baja en el consumo por parte de los venezolanos a causa del elevado costo final en bol\u00edvares.<\/p>\n\n\n\n<p>\u201cHemos visto una baja en el consumo de carne debido al precio que tiene en bol\u00edvares porque quiero que sepas tambi\u00e9n la carne para el productor no ha variado\u201d, asegur\u00f3 el presidente de Fedenaga para el programa Sin Duda de Uni\u00f3n Radio.<\/p>\n\n\n\n<p>Medina explic\u00f3 que el aumento y la variaci\u00f3n de precios se produce a lo largo de los cinco eslabones de la cadena de comercializaci\u00f3n.<\/p>\n\n\n\n<p>En este sentido, inform\u00f3 que el gremio trabaja en conjunto con el ministerio para incidir en los precios finales, tambi\u00e9n a\u00f1adi\u00f3 que buscan simplificar el pago para el consumidor a trav\u00e9s de la b\u00fasqueda de un equilibrio o una media que le permita al venezolano la continuidad en el consumo necesario de prote\u00edna.<br><strong><em>ET \/ Uni\u00f3n Radio<\/em><\/strong><\/p>\n\n\n\n<p><\/p>\n","protected":false},"excerpt":{"rendered":"<p>ENTRE TORMENTAS. El presidente de la Federaci\u00f3n Nacional de Ganaderos de Venezuela (Fedenaga), Edgar Medina,&#8230;<\/p>\n","protected":false},"author":2,"featured_media":23607,"comment_status":"closed","ping_status":"open","sticky":false,"template":"","format":"standard","meta":{"footnotes":""},"categories":[56,49],"tags":[],"class_list":["post-23606","post","type-post","status-publish","format-standard","has-post-thumbnail","hentry","category-destacadas","category-nacionales"],"_links":{"self":[{"href":"https:\/\/entretormentas.com\/index.php?rest_route=\/wp\/v2\/posts\/23606","targetHints":{"allow":["GET"]}}],"collection":[{"href":"https:\/\/entretormentas.com\/index.php?rest_route=\/wp\/v2\/posts"}],"about":[{"href":"https:\/\/entretormentas.com\/index.php?rest_route=\/wp\/v2\/types\/post"}],"author":[{"embeddable":true,"href":"https:\/\/entretormentas.com\/index.php?rest_route=\/wp\/v2\/users\/2"}],"replies":[{"embeddable":true,"href":"https:\/\/entretormentas.com\/index.php?rest_route=%2Fwp%2Fv2%2Fcomments&post=23606"}],"version-history":[{"count":1,"href":"https:\/\/entretormentas.com\/index.php?rest_route=\/wp\/v2\/posts\/23606\/revisions"}],"predecessor-version":[{"id":23608,"href":"https:\/\/entretormentas.com\/index.php?rest_route=\/wp\/v2\/posts\/23606\/revisions\/23608"}],"wp:featuredmedia":[{"embeddable":true,"href":"https:\/\/entretormentas.com\/index.php?rest_route=\/wp\/v2\/media\/23607"}],"wp:attachment":[{"href":"https:\/\/entretormentas.com\/index.php?rest_route=%2Fwp%2Fv2%2Fmedia&parent=23606"}],"wp:term":[{"taxonomy":"category","embeddable":true,"href":"https:\/\/entretormentas.com\/index.php?rest_route=%2Fwp%2Fv2%2Fcategories&post=23606"},{"taxonomy":"post_tag","embeddable":true,"href":"https:\/\/entretormentas.com\/index.php?rest_route=%2Fwp%2Fv2%2Ftags&post=23606"}],"curies":[{"name":"wp","href":"https:\/\/api.w.org\/{rel}","templated":true}]}}