{"id":23609,"date":"2025-10-17T04:27:11","date_gmt":"2025-10-17T08:27:11","guid":{"rendered":"https:\/\/entretormentas.com\/?p=23609"},"modified":"2025-10-17T04:27:12","modified_gmt":"2025-10-17T08:27:12","slug":"en-roma-clero-venezolano-preside-actividades-de-la-canonizacion-de-jgh-y-carmen-rendiles","status":"publish","type":"post","link":"https:\/\/entretormentas.com\/en-roma-clero-venezolano-preside-actividades-de-la-canonizacion-de-jgh-y-carmen-rendiles\/","title":{"rendered":"\u00a1EN ROMA! Clero venezolano preside actividades de la canonizaci\u00f3n de JGH y Carmen Rendiles"},"content":{"rendered":"\n<p><strong>ENTRE TORMENTAS. <\/strong>La pronta ceremonia hist\u00f3rica de canonizaci\u00f3n de los dos primeros santos venezolanos, el doctor Jos\u00e9 Gregorio Hern\u00e1ndez y la Madre Carmen Rendiles, se convierte en un evento de gran emoci\u00f3n, alegr\u00eda, esperanza y j\u00fabilo para los venezolanos, quienes sienten que es un reconocimiento a la santidad que ya aclamaban popularmente.<\/p>\n\n\n\n<p>Por motivo de la canonizaci\u00f3n de los dos santos venezolanos se han efectuado distintas actividades, entre ellas las peregrinaciones en el marco del a\u00f1o jubilar, eventos que incluye cantos, rezos y que tambi\u00e9n se desarrolla con una cruz en las manos. Adem\u00e1s, se llevar\u00e1n a cabo el resto de la semana hasta el d\u00eda s\u00e1bado desde las 9:00 a 10:00 de la ma\u00f1ana (hora de Roma) con la participaci\u00f3n de obispos venezolanos.<\/p>\n\n\n\n<p>\u00abEsto es lo que ha replicado la delegaci\u00f3n venezolana a lo largo de la ma\u00f1ana del d\u00eda de hoy. La primera peregrinaci\u00f3n la acompa\u00f1\u00f3 el obispo de la di\u00f3cesis de Coro, V\u00edctor Hugo Basabe. La segunda procesi\u00f3n o peregrinaci\u00f3n jubilar la presidi\u00f3 el arzobispo de Caracas, Monse\u00f1or Ra\u00fal Biord y tambi\u00e9n Fray Eddy Polo\u00bb, explic\u00f3 nuestra corresponsal.<\/p>\n\n\n\n<figure class=\"wp-block-image size-large\"><img fetchpriority=\"high\" decoding=\"async\" width=\"819\" height=\"1024\" src=\"https:\/\/entretormentas.com\/wp-content\/uploads\/2025\/10\/clero2-819x1024.jpg\" alt=\"\" class=\"wp-image-23610\" srcset=\"https:\/\/entretormentas.com\/wp-content\/uploads\/2025\/10\/clero2-819x1024.jpg 819w, https:\/\/entretormentas.com\/wp-content\/uploads\/2025\/10\/clero2-240x300.jpg 240w, https:\/\/entretormentas.com\/wp-content\/uploads\/2025\/10\/clero2-768x960.jpg 768w, https:\/\/entretormentas.com\/wp-content\/uploads\/2025\/10\/clero2-1024x1280.jpg 1024w, https:\/\/entretormentas.com\/wp-content\/uploads\/2025\/10\/clero2.jpg 1080w\" sizes=\"(max-width: 819px) 100vw, 819px\" \/><\/figure>\n\n\n\n<p>El Cardenal Baltazar Porras y los vicepostuladores participar\u00e1n este viernes en un simposio para reflexionar sobre la figura de los dos santos como s\u00edmbolo de paz y el d\u00eda s\u00e1bado se espera una vigilia presidida por Monse\u00f1or Jes\u00fas Gonz\u00e1lez de Z\u00e1rate, presidente de la Conferencia Episcopal Venezolana.<\/p>\n\n\n\n<p>Para el programa A Tiempo de Uni\u00f3n Radio, nuestra corresponsal Fabiana Ortega, directamente desde Roma, expuso que la celebraci\u00f3n converge con dos festividades cat\u00f3licas como el a\u00f1o santo y el a\u00f1o jubilar.<\/p>\n\n\n\n<p>\u00abSe han unido estas dos celebraciones y, por ejemplo, en esta Audiencia General del Papa que se realiz\u00f3 este mi\u00e9rcoles, la Bas\u00edlica estaba repleta de fieles, que incluso el recorrido que acostumbra realizar el Papa Le\u00f3n XIV a lo interno de la plaza, tuvo que ampliar el per\u00edmetro para alcanzar a saludar a todos los peregrinos que se congregan ac\u00e1\u00bb.<\/p>\n\n\n\n<p>En este sentido, detall\u00f3 que se logra visualizar en el Vaticano una gran afluencia de fieles y peregrinos, especialmente venezolanos, con un estado significativo de fervor y fe. En donde, una de las devotas califica la celebraci\u00f3n como \u00abuna causa de justicia\u00bb.<\/p>\n\n\n\n<p>Finalmente, Ortega enfatiza que la canonizaci\u00f3n representa el culto universal para los queridos santos venezolanos.<br><strong><em>ET \/ Uni\u00f3n Radio<\/em><\/strong><\/p>\n\n\n\n<p><\/p>\n","protected":false},"excerpt":{"rendered":"<p>ENTRE TORMENTAS. La pronta ceremonia hist\u00f3rica de canonizaci\u00f3n de los dos primeros santos venezolanos, el&#8230;<\/p>\n","protected":false},"author":2,"featured_media":23611,"comment_status":"closed","ping_status":"open","sticky":false,"template":"","format":"standard","meta":{"footnotes":""},"categories":[56,49],"tags":[],"class_list":["post-23609","post","type-post","status-publish","format-standard","has-post-thumbnail","hentry","category-destacadas","category-nacionales"],"_links":{"self":[{"href":"https:\/\/entretormentas.com\/index.php?rest_route=\/wp\/v2\/posts\/23609","targetHints":{"allow":["GET"]}}],"collection":[{"href":"https:\/\/entretormentas.com\/index.php?rest_route=\/wp\/v2\/posts"}],"about":[{"href":"https:\/\/entretormentas.com\/index.php?rest_route=\/wp\/v2\/types\/post"}],"author":[{"embeddable":true,"href":"https:\/\/entretormentas.com\/index.php?rest_route=\/wp\/v2\/users\/2"}],"replies":[{"embeddable":true,"href":"https:\/\/entretormentas.com\/index.php?rest_route=%2Fwp%2Fv2%2Fcomments&post=23609"}],"version-history":[{"count":1,"href":"https:\/\/entretormentas.com\/index.php?rest_route=\/wp\/v2\/posts\/23609\/revisions"}],"predecessor-version":[{"id":23612,"href":"https:\/\/entretormentas.com\/index.php?rest_route=\/wp\/v2\/posts\/23609\/revisions\/23612"}],"wp:featuredmedia":[{"embeddable":true,"href":"https:\/\/entretormentas.com\/index.php?rest_route=\/wp\/v2\/media\/23611"}],"wp:attachment":[{"href":"https:\/\/entretormentas.com\/index.php?rest_route=%2Fwp%2Fv2%2Fmedia&parent=23609"}],"wp:term":[{"taxonomy":"category","embeddable":true,"href":"https:\/\/entretormentas.com\/index.php?rest_route=%2Fwp%2Fv2%2Fcategories&post=23609"},{"taxonomy":"post_tag","embeddable":true,"href":"https:\/\/entretormentas.com\/index.php?rest_route=%2Fwp%2Fv2%2Ftags&post=23609"}],"curies":[{"name":"wp","href":"https:\/\/api.w.org\/{rel}","templated":true}]}}