{"id":23629,"date":"2025-10-18T06:33:15","date_gmt":"2025-10-18T10:33:15","guid":{"rendered":"https:\/\/entretormentas.com\/?p=23629"},"modified":"2025-10-18T06:33:16","modified_gmt":"2025-10-18T10:33:16","slug":"canadas-sin-novedad-normalidad-en-maracaibo-tras-lluvias-de-la-madrugada-de-este-viernes","status":"publish","type":"post","link":"https:\/\/entretormentas.com\/canadas-sin-novedad-normalidad-en-maracaibo-tras-lluvias-de-la-madrugada-de-este-viernes\/","title":{"rendered":"\u00a1CA\u00d1ADAS SIN NOVEDAD! Normalidad en Maracaibo tras lluvias de la madrugada de este viernes"},"content":{"rendered":"\n<p><strong>ENTRE TORMENTAS. <\/strong>Durante la madrugada de este viernes 17 de octubre el municipio Maracaibo experiment\u00f3 precipitaciones de variada intensidad, siendo las m\u00e1s contundentes o vigorosas en la zona norte de la ciudad y en el resto del municipio tambi\u00e9n se registraron lluvias de leves a moderadas, pero sin ninguna novedad o emergencia, seg\u00fan lo report\u00f3 el Comandante del Cuerpo de Bomberos, Gral. Engelberth Atencio.<\/p>\n\n\n\n<p>Atencio inform\u00f3 que, aunque las lluvias fueron fuertes y continuas, la ciudad tuvo un resultado positivo de cero novedades. \u201cNo se recibieron llamadas ni al 911 ni al Centro de Operaciones de Emergencia por ning\u00fan tipo de incidente relacionado con las precipitaciones\u201d.<\/p>\n\n\n\n<p>Este resultado lo atribuy\u00f3 a las acciones de limpieza permanente en las ca\u00f1adas de la ciudad \u201cdebido a las coordinaciones y acciones dirigidas por el alcalde bolivariano Giancarlo Di Martino, los desag\u00fces y ca\u00f1adas de la ciudad se encuentran en \u00f3ptimas condiciones y el Instituto Municipal del Ambiente se mantiene en permanente limpieza de los mismos\u201d, precis\u00f3 el funcionario.<\/p>\n\n\n\n<figure class=\"wp-block-image size-full\"><img fetchpriority=\"high\" decoding=\"async\" width=\"854\" height=\"773\" src=\"https:\/\/entretormentas.com\/wp-content\/uploads\/2025\/10\/canadasdi2.jpg\" alt=\"\" class=\"wp-image-23630\" srcset=\"https:\/\/entretormentas.com\/wp-content\/uploads\/2025\/10\/canadasdi2.jpg 854w, https:\/\/entretormentas.com\/wp-content\/uploads\/2025\/10\/canadasdi2-300x272.jpg 300w, https:\/\/entretormentas.com\/wp-content\/uploads\/2025\/10\/canadasdi2-768x695.jpg 768w\" sizes=\"(max-width: 854px) 100vw, 854px\" \/><\/figure>\n\n\n\n<p>Se registr\u00f3 que las fuertes lluvias dejaron un acumulado de dos y 22,9 litros de agua por metro cuadrado en los pluvi\u00f3metros de Los Haticos y en la Universidad Rafael Belloso Chacin (URBE), respectivamente.<\/p>\n\n\n\n<p>Por su parte, Onier Castellano, Jefe de monitoreo de Protecci\u00f3n Civil Maracaibo, present\u00f3 un pron\u00f3stico detallado de las condiciones meteorol\u00f3gicas esperadas para la ciudad de Maracaibo y el estado Zulia durante el fin de semana.<\/p>\n\n\n\n<p>Refiri\u00f3 que la causa principal de las precipitaciones son un frente fr\u00edo estacionario y una vaguada frontal que se extienden muy cerca del Golfo de Venezuela, lo que provocar\u00e1 aguaceros y tormentas dispersas. Esta actividad se ver\u00e1 reforzada por la presencia de la vaguada monz\u00f3nica del Pac\u00edfico y una vaguada en altura que aumentar\u00e1 la convecci\u00f3n en la zona.<\/p>\n\n\n\n<p>Adem\u00e1s, se anticipa que la llegada de dos ondas tropicales consecutivas garantizar\u00e1 una cantidad significativa de lluvias que se extender\u00e1n hasta la pr\u00f3xima semana.<br><strong><em>ET \/ Prensa Alcald\u00eda de Maracaibo<\/em><\/strong><\/p>\n\n\n\n<p><\/p>\n","protected":false},"excerpt":{"rendered":"<p>ENTRE TORMENTAS. Durante la madrugada de este viernes 17 de octubre el municipio Maracaibo experiment\u00f3&#8230;<\/p>\n","protected":false},"author":2,"featured_media":23631,"comment_status":"closed","ping_status":"open","sticky":false,"template":"","format":"standard","meta":{"footnotes":""},"categories":[57,1],"tags":[],"class_list":["post-23629","post","type-post","status-publish","format-standard","has-post-thumbnail","hentry","category-actualidad","category-regionales"],"_links":{"self":[{"href":"https:\/\/entretormentas.com\/index.php?rest_route=\/wp\/v2\/posts\/23629","targetHints":{"allow":["GET"]}}],"collection":[{"href":"https:\/\/entretormentas.com\/index.php?rest_route=\/wp\/v2\/posts"}],"about":[{"href":"https:\/\/entretormentas.com\/index.php?rest_route=\/wp\/v2\/types\/post"}],"author":[{"embeddable":true,"href":"https:\/\/entretormentas.com\/index.php?rest_route=\/wp\/v2\/users\/2"}],"replies":[{"embeddable":true,"href":"https:\/\/entretormentas.com\/index.php?rest_route=%2Fwp%2Fv2%2Fcomments&post=23629"}],"version-history":[{"count":1,"href":"https:\/\/entretormentas.com\/index.php?rest_route=\/wp\/v2\/posts\/23629\/revisions"}],"predecessor-version":[{"id":23632,"href":"https:\/\/entretormentas.com\/index.php?rest_route=\/wp\/v2\/posts\/23629\/revisions\/23632"}],"wp:featuredmedia":[{"embeddable":true,"href":"https:\/\/entretormentas.com\/index.php?rest_route=\/wp\/v2\/media\/23631"}],"wp:attachment":[{"href":"https:\/\/entretormentas.com\/index.php?rest_route=%2Fwp%2Fv2%2Fmedia&parent=23629"}],"wp:term":[{"taxonomy":"category","embeddable":true,"href":"https:\/\/entretormentas.com\/index.php?rest_route=%2Fwp%2Fv2%2Fcategories&post=23629"},{"taxonomy":"post_tag","embeddable":true,"href":"https:\/\/entretormentas.com\/index.php?rest_route=%2Fwp%2Fv2%2Ftags&post=23629"}],"curies":[{"name":"wp","href":"https:\/\/api.w.org\/{rel}","templated":true}]}}