{"id":23633,"date":"2025-10-18T06:50:45","date_gmt":"2025-10-18T10:50:45","guid":{"rendered":"https:\/\/entretormentas.com\/?p=23633"},"modified":"2025-10-18T06:50:46","modified_gmt":"2025-10-18T10:50:46","slug":"visita-de-fe-la-chinita-bendijo-a-los-ninos-y-ninas-de-la-fundacion-ninos-del-sol","status":"publish","type":"post","link":"https:\/\/entretormentas.com\/visita-de-fe-la-chinita-bendijo-a-los-ninos-y-ninas-de-la-fundacion-ninos-del-sol\/","title":{"rendered":"\u00a1VISITA DE FE! La Chinita bendijo a los ni\u00f1os y ni\u00f1as de la Fundaci\u00f3n Ni\u00f1os del Sol"},"content":{"rendered":"\n<p><strong>ENTRE TORMENTAS. <\/strong>El manto sagrado de la Chinita cubri\u00f3 a los ni\u00f1os de la Fundaci\u00f3n Ni\u00f1os del Sol (Fundanis). Con muestras de j\u00fabilo y devoci\u00f3n, la imagen de la Virgen de Chiquinquir\u00e1 fue recibida este viernes por la directiva, personal y los ni\u00f1os y ni\u00f1as que reciben atenci\u00f3n en esta instituci\u00f3n adscrita a la Alcald\u00eda de Maracaibo.<\/p>\n\n\n\n<p>La Chinita entr\u00f3 a la sede de Fundanis en hombros de los Servidores de Mar\u00eda y con el tel\u00f3n musical de las gaitas interpretadas por los ni\u00f1os de la agrupaci\u00f3n Jairo Gil, del Instituto Municipal de la Gaita Ricardo Aguirre (IMGRA).<\/p>\n\n\n\n<figure class=\"wp-block-image size-full\"><img fetchpriority=\"high\" decoding=\"async\" width=\"902\" height=\"725\" src=\"https:\/\/entretormentas.com\/wp-content\/uploads\/2025\/10\/chininos2.jpg\" alt=\"\" class=\"wp-image-23634\" srcset=\"https:\/\/entretormentas.com\/wp-content\/uploads\/2025\/10\/chininos2.jpg 902w, https:\/\/entretormentas.com\/wp-content\/uploads\/2025\/10\/chininos2-300x241.jpg 300w, https:\/\/entretormentas.com\/wp-content\/uploads\/2025\/10\/chininos2-768x617.jpg 768w\" sizes=\"(max-width: 902px) 100vw, 902px\" \/><\/figure>\n\n\n\n<p>\u201cDonde est\u00e1 nuestra Reina Madre, aqu\u00ed tenemos que estar. Y tenemos que estar para agradecer y sentirnos agradecidos\u201d, dijo la Primera Dama de la ciudad y directora de Desarrollo Social de la Alcald\u00eda de Maracaibo, Ana Clara Barboza de Di Martino, quien lleg\u00f3 al acto para recibir la bendici\u00f3n de la Patrona del Zulia.<\/p>\n\n\n\n<p>\u00abSomos un pueblo fervoroso, un pueblo que ha seguido siempre las indicaciones de Dios a trav\u00e9s de su Santo Esp\u00edritu y su bendita Madre, que nos ha regalado la advocaci\u00f3n de la Virgen de Chiquinquir\u00e1\u201d, dijo en sus emotivas palabras la funcionaria.<\/p>\n\n\n\n<p>Destac\u00f3 que la visita de la imagen de la Chinita a Fundaci\u00f3n Ni\u00f1os del Sol se produce en la v\u00edspera de la ceremonia de canonizaci\u00f3n de quienes ser\u00e1n los primeros santos venezolanos: Jos\u00e9 Gregorio Hern\u00e1ndez y de la Madre Carmen Rendiles.<\/p>\n\n\n\n<p><strong>APOYO A LA INSTITUCI\u00d3N<\/strong><br>La directora de Desarrollo Social hizo un reconocimiento \u201ca los maestros, maestras, psic\u00f3logos, cocineras, empleados, todos los que con mucha vocaci\u00f3n de servicio conforman esta bonita familia que es la Fundaci\u00f3n Ni\u00f1os del Sol\u201d.<\/p>\n\n\n\n<p>A ellos les envi\u00f3 \u201cun abrazo muy grande de nuestro alcalde Giancarlo Di Martino, quien siempre est\u00e1 pendiente de todas estas actividades\u201d; y ratific\u00f3 que, desde la Alcald\u00eda Bolivariana de Maracaibo, \u201ctendr\u00e1n todo el apoyo para estos programas que brindan atenci\u00f3n a nuestros ni\u00f1os y ni\u00f1as\u201d.<\/p>\n\n\n\n<figure class=\"wp-block-image size-large\"><img decoding=\"async\" width=\"1024\" height=\"682\" src=\"https:\/\/entretormentas.com\/wp-content\/uploads\/2025\/10\/chininos3-1024x682.jpg\" alt=\"\" class=\"wp-image-23635\" srcset=\"https:\/\/entretormentas.com\/wp-content\/uploads\/2025\/10\/chininos3-1024x682.jpg 1024w, https:\/\/entretormentas.com\/wp-content\/uploads\/2025\/10\/chininos3-300x200.jpg 300w, https:\/\/entretormentas.com\/wp-content\/uploads\/2025\/10\/chininos3-768x511.jpg 768w, https:\/\/entretormentas.com\/wp-content\/uploads\/2025\/10\/chininos3.jpg 1080w\" sizes=\"(max-width: 1024px) 100vw, 1024px\" \/><\/figure>\n\n\n\n<p><strong>MARACAIBO, PIONEROS EN PROTECCI\u00d3N A LOS NI\u00d1OS<\/strong><br>Por su parte, Pa\u00fal Urdaneta, presidente de la Fundaci\u00f3n Ni\u00f1os del Sol, salud\u00f3 la presencia en la instituci\u00f3n de la sagrada imagen de la Virgen de Chiquinquir\u00e1. Resalt\u00f3 que su visita no solo es un acto de fe, sino una poderosa muestra de apoyo a los ni\u00f1os de Fundanis, que est\u00e1n bajo el amparo y la protecci\u00f3n de la madre celestial.<\/p>\n\n\n\n<p>En sus palabras, destac\u00f3 la labor desarrollada por Fundanis desde hace m\u00e1s de 20 a\u00f1os, cuando se constituy\u00f3 en la primera gesti\u00f3n del alcalde Giancarlo Di Martino el Sistema de Protecci\u00f3n de Ni\u00f1os, Ni\u00f1as y Adolescentes de Maracaibo.<\/p>\n\n\n\n<p>Record\u00f3 que Maracaibo \u201cfue el primero, entre los 335 municipios del pa\u00eds, en ponerse a derecho en el \u00e1rea de protecci\u00f3n para nuestros ni\u00f1os. Maracaibo fue punta de lanza, fue referencia; de hecho, varios de nuestros consejeros de protecci\u00f3n terminaron siendo jueces y fiscales de protecci\u00f3n a nivel nacional\u201d.<br><strong><em>ET \/ Prensa Alcald\u00eda de Maracaibo<\/em><\/strong><\/p>\n\n\n\n<p><\/p>\n","protected":false},"excerpt":{"rendered":"<p>ENTRE TORMENTAS. El manto sagrado de la Chinita cubri\u00f3 a los ni\u00f1os de la Fundaci\u00f3n&#8230;<\/p>\n","protected":false},"author":2,"featured_media":23636,"comment_status":"closed","ping_status":"open","sticky":false,"template":"","format":"standard","meta":{"footnotes":""},"categories":[57,1],"tags":[],"class_list":["post-23633","post","type-post","status-publish","format-standard","has-post-thumbnail","hentry","category-actualidad","category-regionales"],"_links":{"self":[{"href":"https:\/\/entretormentas.com\/index.php?rest_route=\/wp\/v2\/posts\/23633","targetHints":{"allow":["GET"]}}],"collection":[{"href":"https:\/\/entretormentas.com\/index.php?rest_route=\/wp\/v2\/posts"}],"about":[{"href":"https:\/\/entretormentas.com\/index.php?rest_route=\/wp\/v2\/types\/post"}],"author":[{"embeddable":true,"href":"https:\/\/entretormentas.com\/index.php?rest_route=\/wp\/v2\/users\/2"}],"replies":[{"embeddable":true,"href":"https:\/\/entretormentas.com\/index.php?rest_route=%2Fwp%2Fv2%2Fcomments&post=23633"}],"version-history":[{"count":1,"href":"https:\/\/entretormentas.com\/index.php?rest_route=\/wp\/v2\/posts\/23633\/revisions"}],"predecessor-version":[{"id":23637,"href":"https:\/\/entretormentas.com\/index.php?rest_route=\/wp\/v2\/posts\/23633\/revisions\/23637"}],"wp:featuredmedia":[{"embeddable":true,"href":"https:\/\/entretormentas.com\/index.php?rest_route=\/wp\/v2\/media\/23636"}],"wp:attachment":[{"href":"https:\/\/entretormentas.com\/index.php?rest_route=%2Fwp%2Fv2%2Fmedia&parent=23633"}],"wp:term":[{"taxonomy":"category","embeddable":true,"href":"https:\/\/entretormentas.com\/index.php?rest_route=%2Fwp%2Fv2%2Fcategories&post=23633"},{"taxonomy":"post_tag","embeddable":true,"href":"https:\/\/entretormentas.com\/index.php?rest_route=%2Fwp%2Fv2%2Ftags&post=23633"}],"curies":[{"name":"wp","href":"https:\/\/api.w.org\/{rel}","templated":true}]}}