{"id":23638,"date":"2025-10-18T06:55:16","date_gmt":"2025-10-18T10:55:16","guid":{"rendered":"https:\/\/entretormentas.com\/?p=23638"},"modified":"2025-10-18T06:55:17","modified_gmt":"2025-10-18T10:55:17","slug":"en-san-francisco-hector-soto-impulsa-consulta-popular-del-presupuesto-participativo-2026","status":"publish","type":"post","link":"https:\/\/entretormentas.com\/en-san-francisco-hector-soto-impulsa-consulta-popular-del-presupuesto-participativo-2026\/","title":{"rendered":"\u00a1EN SAN FRANCISCO! H\u00e9ctor Soto impulsa consulta popular del Presupuesto Participativo 2026"},"content":{"rendered":"\n<p><strong>ENTRE TORMENTAS. <\/strong>La gesti\u00f3n del Alcalde de San Francisco, H\u00e9ctor Soto, mantiene el desarrollo de mesas de trabajo en las parroquias Los Cortijos, Jos\u00e9 Domingo Rus, Francisco Ochoa y San Francisco, y pr\u00f3ximamente Domitila Flores, como parte de la masiva consulta popular del Presupuesto Participativo 2026, con el objetivo de garantizar la transparencia y la inclusi\u00f3n en la planificaci\u00f3n de la inversi\u00f3n municipal.<\/p>\n\n\n\n<p>Entre los principales proyectos propuestos destacan iniciativas orientadas a fortalecer la salud ciudadana, como la rehabilitaci\u00f3n de consultorios odontol\u00f3gicos, la climatizaci\u00f3n de los centros Barrio Adentro y ambulatorios, as\u00ed como acciones en materia de productividad econ\u00f3mica, infraestructura y servicios p\u00fablicos, especialmente en el suministro de agua mediante la activaci\u00f3n de pozos.<\/p>\n\n\n\n<figure class=\"wp-block-image size-large\"><img fetchpriority=\"high\" decoding=\"async\" width=\"1024\" height=\"685\" src=\"https:\/\/entretormentas.com\/wp-content\/uploads\/2025\/10\/hectorucho2-1024x685.jpg\" alt=\"\" class=\"wp-image-23639\" srcset=\"https:\/\/entretormentas.com\/wp-content\/uploads\/2025\/10\/hectorucho2-1024x685.jpg 1024w, https:\/\/entretormentas.com\/wp-content\/uploads\/2025\/10\/hectorucho2-300x201.jpg 300w, https:\/\/entretormentas.com\/wp-content\/uploads\/2025\/10\/hectorucho2-768x513.jpg 768w, https:\/\/entretormentas.com\/wp-content\/uploads\/2025\/10\/hectorucho2.jpg 1080w\" sizes=\"(max-width: 1024px) 100vw, 1024px\" \/><\/figure>\n\n\n\n<p>El mandatario local destac\u00f3 que estas consultas consolidan el protagonismo del pueblo en la gesti\u00f3n p\u00fablica: \u201cEl mismo pueblo, desde su comunidad y con base en sus vivencias, est\u00e1 construyendo su propia agenda de trabajo, concretando el plan operativo para este venidero a\u00f1o y atendiendo sus necesidades. Mi plan de gesti\u00f3n para 2026 est\u00e1 sostenido en las comunas, en los consejos comunales y en el pueblo\u201d, expres\u00f3 el alcalde Soto.<\/p>\n\n\n\n<p>Estas jornadas forman parte de las estrategias de la Alcald\u00eda Bolivariana de San Francisco para fomentar la participaci\u00f3n ciudadana en la toma de decisiones, fortaleciendo la uni\u00f3n entre los distintos niveles de gobierno y el cumplimiento de las Siete Transformaciones (7T) impulsadas por el presidente Nicol\u00e1s M<br>aduro.<br><strong><em>ET \/ Prensa Alcald\u00eda de San Francisco<\/em><\/strong><\/p>\n","protected":false},"excerpt":{"rendered":"<p>ENTRE TORMENTAS. La gesti\u00f3n del Alcalde de San Francisco, H\u00e9ctor Soto, mantiene el desarrollo de&#8230;<\/p>\n","protected":false},"author":2,"featured_media":23640,"comment_status":"closed","ping_status":"open","sticky":false,"template":"","format":"standard","meta":{"footnotes":""},"categories":[57,1],"tags":[],"class_list":["post-23638","post","type-post","status-publish","format-standard","has-post-thumbnail","hentry","category-actualidad","category-regionales"],"_links":{"self":[{"href":"https:\/\/entretormentas.com\/index.php?rest_route=\/wp\/v2\/posts\/23638","targetHints":{"allow":["GET"]}}],"collection":[{"href":"https:\/\/entretormentas.com\/index.php?rest_route=\/wp\/v2\/posts"}],"about":[{"href":"https:\/\/entretormentas.com\/index.php?rest_route=\/wp\/v2\/types\/post"}],"author":[{"embeddable":true,"href":"https:\/\/entretormentas.com\/index.php?rest_route=\/wp\/v2\/users\/2"}],"replies":[{"embeddable":true,"href":"https:\/\/entretormentas.com\/index.php?rest_route=%2Fwp%2Fv2%2Fcomments&post=23638"}],"version-history":[{"count":1,"href":"https:\/\/entretormentas.com\/index.php?rest_route=\/wp\/v2\/posts\/23638\/revisions"}],"predecessor-version":[{"id":23641,"href":"https:\/\/entretormentas.com\/index.php?rest_route=\/wp\/v2\/posts\/23638\/revisions\/23641"}],"wp:featuredmedia":[{"embeddable":true,"href":"https:\/\/entretormentas.com\/index.php?rest_route=\/wp\/v2\/media\/23640"}],"wp:attachment":[{"href":"https:\/\/entretormentas.com\/index.php?rest_route=%2Fwp%2Fv2%2Fmedia&parent=23638"}],"wp:term":[{"taxonomy":"category","embeddable":true,"href":"https:\/\/entretormentas.com\/index.php?rest_route=%2Fwp%2Fv2%2Fcategories&post=23638"},{"taxonomy":"post_tag","embeddable":true,"href":"https:\/\/entretormentas.com\/index.php?rest_route=%2Fwp%2Fv2%2Ftags&post=23638"}],"curies":[{"name":"wp","href":"https:\/\/api.w.org\/{rel}","templated":true}]}}