{"id":23642,"date":"2025-10-18T06:58:25","date_gmt":"2025-10-18T10:58:25","guid":{"rendered":"https:\/\/entretormentas.com\/?p=23642"},"modified":"2025-10-18T06:58:25","modified_gmt":"2025-10-18T10:58:25","slug":"en-maracaibo-fondo-de-proteccion-municipal-de-ninos-ninas-y-adolescentes-impulsa-campana-dona-con-proposito","status":"publish","type":"post","link":"https:\/\/entretormentas.com\/en-maracaibo-fondo-de-proteccion-municipal-de-ninos-ninas-y-adolescentes-impulsa-campana-dona-con-proposito\/","title":{"rendered":"\u00a1EN MARACAIBO! Fondo de Protecci\u00f3n Municipal de Ni\u00f1os, Ni\u00f1as y Adolescentes impulsa campa\u00f1a \u201cDona con Prop\u00f3sito\u201d"},"content":{"rendered":"\n<p><strong>ENTRE TORMENTAS.<\/strong> Recaudar fondos para darle protecci\u00f3n y activar programas es la misi\u00f3n del Fondo de Protecci\u00f3n Municipal de Ni\u00f1os, Ni\u00f1as y Adolescentes, organismo adscrito a la Direcci\u00f3n de Desarrollo Social de la alcald\u00eda marabina y que est\u00e1 dirigido a los ni\u00f1os, ni\u00f1as y adolescentes en situaci\u00f3n de riesgo social, para lo cual se encuentran impulsando una campa\u00f1a que han denominado \u201cDona con Prop\u00f3sito\u201d.<\/p>\n\n\n\n<p>As\u00ed lo inform\u00f3 Sayerlis R\u00edos, directora municipal del Fondo de Protecci\u00f3n Municipal de Ni\u00f1os, Ni\u00f1as y Adolescentes, quien explic\u00f3 que la campa\u00f1a que llevan adelante \u201cDonar con Prop\u00f3sito\u201d est\u00e1 dirigida hacia ese sector comercial, \u201cdonde el comerciante puede realizar el donativo, llega al Fondo de Protecci\u00f3n y tenemos para ofrecer al empresario hasta tres veces el descuento del impuesto sobre la renta, es muy importante, y donde le invitamos al empresario a ser parte de la soluci\u00f3n real\u201d.<\/p>\n\n\n\n<p>Explic\u00f3 que el Fondo forma parte del sistema de protecci\u00f3n social, \u201csomos un gabinete, el Consejo de Derechos, el Consejo de Protecci\u00f3n, Fondo de Protecci\u00f3n y Fundaci\u00f3n Ni\u00f1os del Sol, donde se encuentran nuestras oficinas de atenci\u00f3n\u201d.<\/p>\n\n\n\n<p>Asimismo, dijo que su misi\u00f3n fundamental es recaudar fondos \u201cporque somos una alcanc\u00eda, una peque\u00f1a alcanc\u00eda, para darle protecci\u00f3n y para activar los programas y proyectos de la mano de la Alcald\u00eda de Maracaibo y del Consejo de Derechos para defender a los ni\u00f1os ni\u00f1as y adolescentes del municipio Maracaibo\u201d.<\/p>\n\n\n\n<p>La directora del Fondo de Protecci\u00f3n fue enf\u00e1tica al reafirmar el deber que tiene, junto a un equipo de trabajo, de brindarle oportunidades a ese ni\u00f1o o ni\u00f1a que necesita ayuda, \u201cque no tiene voz, y nosotros estamos aqu\u00ed para darle esa voz, darle esa mano amiga, queremos a invitar al empresario, al comerciante, a que hagan ese donativo que va a contribuir con el bienestar de ni\u00f1os, ni\u00f1as y adolescentes. Los invitamos a que nos visiten en la oficina para que puedan as\u00ed corroborar qu\u00e9 es lo que hacemos, que damos vida, que damos esa voz de aliento a ese ni\u00f1o, esa ni\u00f1a y a ese adolescente que no tienen voz\u201d, destac\u00f3 R\u00edos.<\/p>\n\n\n\n<p><strong>OBJETIVO: Activar Casas de Abrigo y los Centros de Atenci\u00f3n Inmediata (CAI)<\/strong><br>Entre las metas que tiene Sayerlis R\u00edos, y el equipo de trabajo que la acompa\u00f1a, est\u00e1 el activar las Casas de Abrigo a fin de poder realizar los recorridos por las calles de Maracaibo y \u201cas\u00ed abordar esos casos que est\u00e1n ahorita en la ciudad, queremos activar tres Casas de Abrigo, para poder brindar ese abordaje a esos ni\u00f1os, ni\u00f1as y adolescentes, ya que no contamos en este momento con los Centros de Atenci\u00f3n Inmediata (CAI) que es un tipo de centro de detecci\u00f3n inmediata, el abrigo inmediato que se le brinda a los ni\u00f1os y ni\u00f1as y adolescentes, por eso necesitamos activarlos para poder as\u00ed tener esos abordajes primarios en las calles de Maracaibo en situaci\u00f3n de riesgo social\u201d.<\/p>\n\n\n\n<p>La directora del Fondo de Protecci\u00f3n recalc\u00f3 que trabaja de la mano de la Fundaci\u00f3n Ni\u00f1os del Sol y en estos momentos est\u00e1n saliendo a realizar un mapeo de la situaci\u00f3n de los ni\u00f1os, ni\u00f1as y adolescentes que est\u00e1n en situaci\u00f3n de riesgo social.<\/p>\n\n\n\n<p>Inform\u00f3 que tienen un programa y una p\u00e1gina de un voluntariado que se form\u00f3 de las mismas direcciones, el Fondo de Protecci\u00f3n, Fundanis, el Consejo de Derechos y el Consejo de Protecci\u00f3n \u201cy salimos a la calle a hacer registros de esa poblaci\u00f3n infantil para verificar de d\u00f3nde vienen, qu\u00e9 situaci\u00f3n tienen, si est\u00e1n con pap\u00e1 y mam\u00e1, qu\u00e9 est\u00e1n haciendo, un abordaje de la mano de la Fundaci\u00f3n Ni\u00f1os del Sol, dirigidos por su presidente Paul Urdaneta\u201d.<br><strong><em>ET \/ Prensa Alcald\u00eda de Maracaibo<\/em><\/strong><\/p>\n","protected":false},"excerpt":{"rendered":"<p>ENTRE TORMENTAS. Recaudar fondos para darle protecci\u00f3n y activar programas es la misi\u00f3n del Fondo&#8230;<\/p>\n","protected":false},"author":2,"featured_media":23643,"comment_status":"closed","ping_status":"open","sticky":false,"template":"","format":"standard","meta":{"footnotes":""},"categories":[57,1],"tags":[],"class_list":["post-23642","post","type-post","status-publish","format-standard","has-post-thumbnail","hentry","category-actualidad","category-regionales"],"_links":{"self":[{"href":"https:\/\/entretormentas.com\/index.php?rest_route=\/wp\/v2\/posts\/23642","targetHints":{"allow":["GET"]}}],"collection":[{"href":"https:\/\/entretormentas.com\/index.php?rest_route=\/wp\/v2\/posts"}],"about":[{"href":"https:\/\/entretormentas.com\/index.php?rest_route=\/wp\/v2\/types\/post"}],"author":[{"embeddable":true,"href":"https:\/\/entretormentas.com\/index.php?rest_route=\/wp\/v2\/users\/2"}],"replies":[{"embeddable":true,"href":"https:\/\/entretormentas.com\/index.php?rest_route=%2Fwp%2Fv2%2Fcomments&post=23642"}],"version-history":[{"count":1,"href":"https:\/\/entretormentas.com\/index.php?rest_route=\/wp\/v2\/posts\/23642\/revisions"}],"predecessor-version":[{"id":23644,"href":"https:\/\/entretormentas.com\/index.php?rest_route=\/wp\/v2\/posts\/23642\/revisions\/23644"}],"wp:featuredmedia":[{"embeddable":true,"href":"https:\/\/entretormentas.com\/index.php?rest_route=\/wp\/v2\/media\/23643"}],"wp:attachment":[{"href":"https:\/\/entretormentas.com\/index.php?rest_route=%2Fwp%2Fv2%2Fmedia&parent=23642"}],"wp:term":[{"taxonomy":"category","embeddable":true,"href":"https:\/\/entretormentas.com\/index.php?rest_route=%2Fwp%2Fv2%2Fcategories&post=23642"},{"taxonomy":"post_tag","embeddable":true,"href":"https:\/\/entretormentas.com\/index.php?rest_route=%2Fwp%2Fv2%2Ftags&post=23642"}],"curies":[{"name":"wp","href":"https:\/\/api.w.org\/{rel}","templated":true}]}}