{"id":23645,"date":"2025-10-18T07:03:13","date_gmt":"2025-10-18T11:03:13","guid":{"rendered":"https:\/\/entretormentas.com\/?p=23645"},"modified":"2025-10-18T07:03:14","modified_gmt":"2025-10-18T11:03:14","slug":"el-zulia-impulsa-su-potencial-agroindustrial-impulsan-produccion-de-pulpa-y-nectares-premium-para-captar-divisas-no-petroleras","status":"publish","type":"post","link":"https:\/\/entretormentas.com\/el-zulia-impulsa-su-potencial-agroindustrial-impulsan-produccion-de-pulpa-y-nectares-premium-para-captar-divisas-no-petroleras\/","title":{"rendered":"\u00a1EL ZULIA IMPULSA SU POTENCIAL AGROINDUSTRIAL! Impulsan producci\u00f3n de pulpa y n\u00e9ctares &#8216;premium&#8217; para captar divisas no petroleras"},"content":{"rendered":"\n<p><strong>ENTRE TORMENTAS. <\/strong>Una comisi\u00f3n de alto nivel del tren ejecutivo regional realiz\u00f3 una visita de inspecci\u00f3n a la planta procesadora de frutas \u00abLa Gloria de Dios\u00bb, ubicada en la parroquia General Urdaneta del municipio Baralt, por instrucciones del gobernador del Zulia, Luis Caldera.<\/p>\n\n\n\n<p>Esta acci\u00f3n responde al compromiso inquebrantable de la gesti\u00f3n regional de impulsar el desarrollo agropecuario, la producci\u00f3n en la entidad y en el pa\u00eds, as\u00ed como la generaci\u00f3n de divisas no petroleras.<\/p>\n\n\n\n<p>La comitiva estuvo encabezada por el secretario de Desarrollo Agropecuario (SDA), Jos\u00e9 S\u00e1nchez, quien estuvo acompa\u00f1ado por la Autoridad \u00danica de Alimentaci\u00f3n, Rafael Bracho; el director regional del INTI, Omar L\u00f3pez, y el presidente del Instituto de Desarrollo y Financiamiento Agropecuario (IDFA), Leonardo Ch\u00e1vez.<\/p>\n\n\n\n<figure class=\"wp-block-image size-large\"><img fetchpriority=\"high\" decoding=\"async\" width=\"1024\" height=\"682\" src=\"https:\/\/entretormentas.com\/wp-content\/uploads\/2025\/10\/nectar2-1024x682.jpg\" alt=\"\" class=\"wp-image-23646\" srcset=\"https:\/\/entretormentas.com\/wp-content\/uploads\/2025\/10\/nectar2-1024x682.jpg 1024w, https:\/\/entretormentas.com\/wp-content\/uploads\/2025\/10\/nectar2-300x200.jpg 300w, https:\/\/entretormentas.com\/wp-content\/uploads\/2025\/10\/nectar2-768x511.jpg 768w, https:\/\/entretormentas.com\/wp-content\/uploads\/2025\/10\/nectar2.jpg 1080w\" sizes=\"(max-width: 1024px) 100vw, 1024px\" \/><\/figure>\n\n\n\n<p>El objetivo principal de la inspecci\u00f3n es la pronta reapertura y reactivaci\u00f3n total de la planta, que posee la capacidad de producir n\u00e9ctares, mermeladas y pulpas de frutas de alta calidad, destinadas tanto al consumo nacional como a la exportaci\u00f3n.<\/p>\n\n\n\n<p><strong>CAPACIDAD DE PRODUCCI\u00d3N Y ALMACENAMIENTO<\/strong><br>La procesadora de fruta tiene una capacidad instalada de 500 toneladas m\u00e9tricas (Tm) al mes.<\/p>\n\n\n\n<p>En cuanto al almacenamiento, se detallaron las siguientes capacidades operativas:<br>\u00b7 Almacenamiento en seco: 100 Tm.<br>\u00b7 Capacidad operativa (producci\u00f3n mensual): 400 Tm.<br>\u00b7 Almacenamiento en fr\u00edo (productos terminados): 100 Tm.<br>\u00b7 Almacenamiento en fr\u00edo (materia prima): 30 Tm.<br>\u00b7 T\u00faneles de congelaci\u00f3n: 13 Tm.<br>\u00b7 Total de la planta (\u00e1rea): 60.000 m\u00b2.<\/p>\n\n\n\n<p>Entre los productos terminados se incluyen pulpas industriales, mermeladas de frutas (guayaba, fresa, mango) y materia prima congelada y as\u00e9ptica (guayaba, fresa y mango, con una capacidad aproximada de 200 Tm).<\/p>\n\n\n\n<p>\u00abEstamos haciendo esta inspecci\u00f3n a la planta procesadora de fruta con la intenci\u00f3n de aperturar y darle vida\u00bb, inform\u00f3 el secretario de la SDA, Jos\u00e9 S\u00e1nchez. \u00abEs una planta que produce n\u00e9ctares, mermeladas y pulpas de frutas para consumo nacional y para poder exportar\u00bb.<\/p>\n\n\n\n<p>Adem\u00e1s, destac\u00f3 que tambi\u00e9n se contempla incentivar la siembra de frutales propios del tr\u00f3pico, como la guayaba, parchita y guan\u00e1bana, en los municipios Baralt, Valmore Rodr\u00edguez, Col\u00f3n, y en todo el estado Zulia, asegurando as\u00ed el suministro de materia prima.<\/p>\n\n\n\n<figure class=\"wp-block-image size-large\"><img decoding=\"async\" width=\"1024\" height=\"682\" src=\"https:\/\/entretormentas.com\/wp-content\/uploads\/2025\/10\/nectar3-1024x682.jpg\" alt=\"\" class=\"wp-image-23647\" srcset=\"https:\/\/entretormentas.com\/wp-content\/uploads\/2025\/10\/nectar3-1024x682.jpg 1024w, https:\/\/entretormentas.com\/wp-content\/uploads\/2025\/10\/nectar3-300x200.jpg 300w, https:\/\/entretormentas.com\/wp-content\/uploads\/2025\/10\/nectar3-768x511.jpg 768w, https:\/\/entretormentas.com\/wp-content\/uploads\/2025\/10\/nectar3.jpg 1080w\" sizes=\"(max-width: 1024px) 100vw, 1024px\" \/><\/figure>\n\n\n\n<p><strong>ESTRATEGIA DE EXPORTACI\u00d3N<\/strong><br>El enfoque de producci\u00f3n incluye rubros \u00abpremium\u00bb de la zona, proyectando la generaci\u00f3n de divisas no petroleras mediante la exportaci\u00f3n de pulpa de fruta en contenedores de 200 kilogramos y frutas empacadas al vac\u00edo.<\/p>\n\n\n\n<p>Entre los productos con potencial de procesamiento se encuentran pulpas de: fresa, mora, guayaba, parchita, guan\u00e1bana y, de manera estrat\u00e9gica, pasta de tomate.<\/p>\n\n\n\n<p>S\u00e1nchez subray\u00f3 el doble impacto de esta iniciativa: \u00abSirve para el consumo nacional, para nuestras escuelas, las empresas petroleras que tienen comedores en este caso y para poder exportar a pa\u00edses de Europa y las islas del Caribe\u00bb.<\/p>\n\n\n\n<p>Esta reactivaci\u00f3n es un pilar fundamental en la agenda de crecimiento econ\u00f3mico del estado, demostrando que el Zulia trabaja firmemente \u00abpor un futuro m\u00e1s pr\u00f3spero para nuestra comunidad\u00bb, tal como lo ha instruido el gobernador Luis Caldera, en sinton\u00eda con las orientaciones del presidente Nicol\u00e1s Maduro.<br><strong><em>ET \/ Nota de Prensa<\/em><\/strong><\/p>\n\n\n\n<p><\/p>\n","protected":false},"excerpt":{"rendered":"<p>ENTRE TORMENTAS. Una comisi\u00f3n de alto nivel del tren ejecutivo regional realiz\u00f3 una visita de&#8230;<\/p>\n","protected":false},"author":2,"featured_media":23648,"comment_status":"closed","ping_status":"open","sticky":false,"template":"","format":"standard","meta":{"footnotes":""},"categories":[57,1],"tags":[],"class_list":["post-23645","post","type-post","status-publish","format-standard","has-post-thumbnail","hentry","category-actualidad","category-regionales"],"_links":{"self":[{"href":"https:\/\/entretormentas.com\/index.php?rest_route=\/wp\/v2\/posts\/23645","targetHints":{"allow":["GET"]}}],"collection":[{"href":"https:\/\/entretormentas.com\/index.php?rest_route=\/wp\/v2\/posts"}],"about":[{"href":"https:\/\/entretormentas.com\/index.php?rest_route=\/wp\/v2\/types\/post"}],"author":[{"embeddable":true,"href":"https:\/\/entretormentas.com\/index.php?rest_route=\/wp\/v2\/users\/2"}],"replies":[{"embeddable":true,"href":"https:\/\/entretormentas.com\/index.php?rest_route=%2Fwp%2Fv2%2Fcomments&post=23645"}],"version-history":[{"count":1,"href":"https:\/\/entretormentas.com\/index.php?rest_route=\/wp\/v2\/posts\/23645\/revisions"}],"predecessor-version":[{"id":23649,"href":"https:\/\/entretormentas.com\/index.php?rest_route=\/wp\/v2\/posts\/23645\/revisions\/23649"}],"wp:featuredmedia":[{"embeddable":true,"href":"https:\/\/entretormentas.com\/index.php?rest_route=\/wp\/v2\/media\/23648"}],"wp:attachment":[{"href":"https:\/\/entretormentas.com\/index.php?rest_route=%2Fwp%2Fv2%2Fmedia&parent=23645"}],"wp:term":[{"taxonomy":"category","embeddable":true,"href":"https:\/\/entretormentas.com\/index.php?rest_route=%2Fwp%2Fv2%2Fcategories&post=23645"},{"taxonomy":"post_tag","embeddable":true,"href":"https:\/\/entretormentas.com\/index.php?rest_route=%2Fwp%2Fv2%2Ftags&post=23645"}],"curies":[{"name":"wp","href":"https:\/\/api.w.org\/{rel}","templated":true}]}}