{"id":23659,"date":"2025-10-18T07:16:12","date_gmt":"2025-10-18T11:16:12","guid":{"rendered":"https:\/\/entretormentas.com\/?p=23659"},"modified":"2025-10-18T07:16:13","modified_gmt":"2025-10-18T11:16:13","slug":"impulso-oficial-el-zulia-fortalece-produccion-de-cangrejo-azul-en-un-frente-entre-el-empresariado-y-el-gobierno","status":"publish","type":"post","link":"https:\/\/entretormentas.com\/impulso-oficial-el-zulia-fortalece-produccion-de-cangrejo-azul-en-un-frente-entre-el-empresariado-y-el-gobierno\/","title":{"rendered":"\u00a1IMPULSO OFICIAL! El Zulia fortalece producci\u00f3n de cangrejo azul en un frente entre el empresariado y el Gobierno"},"content":{"rendered":"\n<p><strong>ENTRE TORMENTAS. <\/strong>Un frente com\u00fan e hist\u00f3rico para blindar la actividad de producci\u00f3n y exportaci\u00f3n del cangrejo azul en el Zulia, empresarios y los gobiernos nacional y regional acordaron un frente com\u00fan e hist\u00f3rico, ante la realidad de agresiones que vive el pa\u00eds. Este frente unido, que articula al sector privado con el Gobierno Bolivariano, busca asegurar la continuidad y la prosperidad de esta econom\u00eda vital para Venezuela.<\/p>\n\n\n\n<p>El acuerdo se dio en reuni\u00f3n encabezada por el gobernador del Zulia, Luis Caldera, y el ministro del Poder Popular para la Pesca y la Acuicultura, Juan Carlos Loyo, junto a voceros de las plantas procesadoras de este preciado rubro en la entidad, representantes de pescadores y del encadenamiento productivo, enmarcado en las directrices del presidente Nicol\u00e1s Maduro a prop\u00f3sito del inicio de la temporada.<\/p>\n\n\n\n<figure class=\"wp-block-image size-full\"><img fetchpriority=\"high\" decoding=\"async\" width=\"960\" height=\"642\" src=\"https:\/\/entretormentas.com\/wp-content\/uploads\/2025\/10\/mancomuna2.jpg\" alt=\"\" class=\"wp-image-23660\" srcset=\"https:\/\/entretormentas.com\/wp-content\/uploads\/2025\/10\/mancomuna2.jpg 960w, https:\/\/entretormentas.com\/wp-content\/uploads\/2025\/10\/mancomuna2-300x201.jpg 300w, https:\/\/entretormentas.com\/wp-content\/uploads\/2025\/10\/mancomuna2-768x514.jpg 768w\" sizes=\"(max-width: 960px) 100vw, 960px\" \/><\/figure>\n\n\n\n<p>El mandatario zuliano destac\u00f3 la presencia de los 22 voceros de las plantas procesadoras del cangrejo azul, cuya carne es apreciada en el mercado internacional y es en las aguas del Lago de Maracaibo donde se reproduce.<\/p>\n\n\n\n<p>El titular de la cartera ministerial de Pesca y Acuicultura, destac\u00f3 la importancia de esta especie, exclusiva de estas aguas y que abarca 12 municipios del Zulia, m\u00e1s uno de M\u00e9rida y otro de Trujillo. Subray\u00f3 que la actividad econ\u00f3mica involucra en el Zulia cerca de 15 mil pescadores, cuatro mil botes y 22 plantas procesadoras, siendo fundamentalmente un producto de exportaci\u00f3n.<\/p>\n\n\n\n<p>El punto central del encuentro fue la necesidad de blindar el proceso econ\u00f3mico frente a las agresiones que padece el pa\u00eds. \u201cEsta es una iniciativa hist\u00f3rica\u201d, dijo el ministro Loyo, quien inform\u00f3 que se realiz\u00f3 un chequeo riguroso del protocolo de seguridad del producto de exportaci\u00f3n, para garantizar que la temporada sea un \u00e9xito.<\/p>\n\n\n\n<p>\u00abEl presidente ha dado la orden de que se desarrolle la actividad de la econom\u00eda de la pesca en Venezuela, que no se paralice, que sea parte del crecimiento de la Venezuela azul\u00bb, afirm\u00f3 Loyo, destacando la directriz de tomar \u00abtodas las precauciones frente a la agresi\u00f3n\u00bb.<\/p>\n\n\n\n<p>La uni\u00f3n del empresariado con el Gobierno Bolivariano se concret\u00f3 al establecer un solo frente para asegurar que la econom\u00eda del rubro contin\u00fae pr\u00f3spera, transparente y sostenible. \u201cHoy todos los empresarios tuvieron vinculaci\u00f3n directa, de hacer un solo frente para, precisamente, asegurarnos de que la econom\u00eda de este importante rubro contin\u00fae con su trayectoria\u201d, puntualiz\u00f3<\/p>\n\n\n\n<figure class=\"wp-block-image size-full\"><img decoding=\"async\" width=\"1024\" height=\"682\" src=\"https:\/\/entretormentas.com\/wp-content\/uploads\/2025\/10\/mancomuna3.jpg\" alt=\"\" class=\"wp-image-23661\" srcset=\"https:\/\/entretormentas.com\/wp-content\/uploads\/2025\/10\/mancomuna3.jpg 1024w, https:\/\/entretormentas.com\/wp-content\/uploads\/2025\/10\/mancomuna3-300x200.jpg 300w, https:\/\/entretormentas.com\/wp-content\/uploads\/2025\/10\/mancomuna3-768x512.jpg 768w\" sizes=\"(max-width: 1024px) 100vw, 1024px\" \/><\/figure>\n\n\n\n<p><strong>COMPROMISO<\/strong><br>Francisco Mart\u00ednez, presidente de la C\u00e1mara de Industrias Procesadoras de Cangrejos de Venezuela (Caiproca) y de la procesadora San Ignacio, celebr\u00f3 la jornada y el compromiso tanto del gobernador como del presidente Maduro y del ministro Loyo, para garantizar la actividad empresarial y el resguardo de la producci\u00f3n, a pesar de los temas de seguridad de Estado.<\/p>\n\n\n\n<p>\u00abEl empresariado est\u00e1 asumiendo un compromiso de la mano de ellos, para ir en conjunto y poder lograr que esta actividad no sea contaminada en ninguno de los aspectos\u00bb, sentenci\u00f3 Mart\u00ednez, destacando la coordinaci\u00f3n con los organismos de seguridad.<\/p>\n\n\n\n<p>Por su parte, Mario Albornoz, de la procesadora Vikingo, calific\u00f3 el inicio de la temporada como \u00abat\u00edpico\u00bb debido a la agresi\u00f3n que sufre el pa\u00eds. Solicit\u00f3 el apoyo de las autoridades para blindar la producci\u00f3n y asegurar que los pescadores, proveedores y empresarios puedan iniciar la zafra de la manera m\u00e1s sana y segura para el pa\u00eds.<br><strong><em>ET \/ Nota de Prensa<\/em><\/strong><\/p>\n\n\n\n<p><\/p>\n","protected":false},"excerpt":{"rendered":"<p>ENTRE TORMENTAS. Un frente com\u00fan e hist\u00f3rico para blindar la actividad de producci\u00f3n y exportaci\u00f3n&#8230;<\/p>\n","protected":false},"author":2,"featured_media":23662,"comment_status":"closed","ping_status":"open","sticky":false,"template":"","format":"standard","meta":{"footnotes":""},"categories":[57,1],"tags":[],"class_list":["post-23659","post","type-post","status-publish","format-standard","has-post-thumbnail","hentry","category-actualidad","category-regionales"],"_links":{"self":[{"href":"https:\/\/entretormentas.com\/index.php?rest_route=\/wp\/v2\/posts\/23659","targetHints":{"allow":["GET"]}}],"collection":[{"href":"https:\/\/entretormentas.com\/index.php?rest_route=\/wp\/v2\/posts"}],"about":[{"href":"https:\/\/entretormentas.com\/index.php?rest_route=\/wp\/v2\/types\/post"}],"author":[{"embeddable":true,"href":"https:\/\/entretormentas.com\/index.php?rest_route=\/wp\/v2\/users\/2"}],"replies":[{"embeddable":true,"href":"https:\/\/entretormentas.com\/index.php?rest_route=%2Fwp%2Fv2%2Fcomments&post=23659"}],"version-history":[{"count":1,"href":"https:\/\/entretormentas.com\/index.php?rest_route=\/wp\/v2\/posts\/23659\/revisions"}],"predecessor-version":[{"id":23663,"href":"https:\/\/entretormentas.com\/index.php?rest_route=\/wp\/v2\/posts\/23659\/revisions\/23663"}],"wp:featuredmedia":[{"embeddable":true,"href":"https:\/\/entretormentas.com\/index.php?rest_route=\/wp\/v2\/media\/23662"}],"wp:attachment":[{"href":"https:\/\/entretormentas.com\/index.php?rest_route=%2Fwp%2Fv2%2Fmedia&parent=23659"}],"wp:term":[{"taxonomy":"category","embeddable":true,"href":"https:\/\/entretormentas.com\/index.php?rest_route=%2Fwp%2Fv2%2Fcategories&post=23659"},{"taxonomy":"post_tag","embeddable":true,"href":"https:\/\/entretormentas.com\/index.php?rest_route=%2Fwp%2Fv2%2Ftags&post=23659"}],"curies":[{"name":"wp","href":"https:\/\/api.w.org\/{rel}","templated":true}]}}