{"id":23675,"date":"2025-10-18T07:34:01","date_gmt":"2025-10-18T11:34:01","guid":{"rendered":"https:\/\/entretormentas.com\/?p=23675"},"modified":"2025-10-18T07:34:02","modified_gmt":"2025-10-18T11:34:02","slug":"domingo-y-lunes-gobernacion-del-zulia-se-une-al-decreto-de-jubilo-nacional-no-laborable-para-celebrar-la-doble-canonizacion","status":"publish","type":"post","link":"https:\/\/entretormentas.com\/domingo-y-lunes-gobernacion-del-zulia-se-une-al-decreto-de-jubilo-nacional-no-laborable-para-celebrar-la-doble-canonizacion\/","title":{"rendered":"\u00a1DOMINGO Y LUNES! Gobernaci\u00f3n del Zulia se une al decreto de J\u00fabilo Nacional no laborable para celebrar la doble canonizaci\u00f3n"},"content":{"rendered":"\n<p><strong>ENTRE TORMENTAS. <\/strong>El gobernador del Zulia, Luis Caldera, y su tren ejecutivo se unen al J\u00fabilo Nacional no laborable que decret\u00f3 el presidente Nicol\u00e1s Maduro Moros, la tarde de este viernes 17 de octubre, a dos d\u00edas de un acontecimiento anhelado por el pa\u00eds.<\/p>\n\n\n\n<p>El mandatario nacional anunci\u00f3, a pocas horas de que se d\u00e9 un hecho hist\u00f3rico, despu\u00e9s de 77 a\u00f1os, la canonizaci\u00f3n del Dr. Jos\u00e9 Gregorio Hern\u00e1ndez, \u201cEl M\u00e9dico de los Pobres\u201d. El domingo, en el Vaticano, tambi\u00e9n ser\u00e1 proclamada santa la Madre Carmen Rendiles, fundadora de la congregaci\u00f3n Siervas de Jes\u00fas.<\/p>\n\n\n\n<p>Por tan especiales motivos, el Jefe del Estado firm\u00f3 el decreto con el que declara, en todo el territorio nacional, el domingo 19 y el lunes 20 de octubre D\u00eda de J\u00fabilo Nacional no laborable, \u201cpara que todo el pueblo en una sola oraci\u00f3n salga a celebrar\u201d.<\/p>\n\n\n\n<figure class=\"wp-block-image size-large\"><img fetchpriority=\"high\" decoding=\"async\" width=\"819\" height=\"1024\" src=\"https:\/\/entretormentas.com\/wp-content\/uploads\/2025\/10\/juvilo2-819x1024.jpg\" alt=\"\" class=\"wp-image-23676\" srcset=\"https:\/\/entretormentas.com\/wp-content\/uploads\/2025\/10\/juvilo2-819x1024.jpg 819w, https:\/\/entretormentas.com\/wp-content\/uploads\/2025\/10\/juvilo2-240x300.jpg 240w, https:\/\/entretormentas.com\/wp-content\/uploads\/2025\/10\/juvilo2-768x960.jpg 768w, https:\/\/entretormentas.com\/wp-content\/uploads\/2025\/10\/juvilo2.jpg 864w\" sizes=\"(max-width: 819px) 100vw, 819px\" \/><\/figure>\n\n\n\n<p>El gobernador Caldera invita al pueblo zuliano a participar, con fe, en todas las actividades religiosas que est\u00e1n programadas en las diferentes di\u00f3cesis y parroquias de esta regi\u00f3n.<\/p>\n\n\n\n<p>\u201cParticipemos con devoci\u00f3n y esperanza, orando por la paz y la unidad de todos los zulianos, en las vigilias, actividades lit\u00fargicas y dem\u00e1s jornadas religiosas que se han contemplado para celebrar la canonizaci\u00f3n de los dos primeros santos venezolanos\u201d, invit\u00f3 Luis Caldera. Para el gobernador, el doctor Jos\u00e9 Gregorio Hern\u00e1ndez es un verdadero ejemplo de fe, esperanza y amor al pr\u00f3jimo.<\/p>\n\n\n\n<p>\u201cSu vida, marcada por su dedicaci\u00f3n a la medicina, su bondad y su profundo compromiso con los m\u00e1s necesitados, nos llena de orgullo, y nos recuerda el poder de la fe en Dios y el llamado a vivir con generosidad y en servicio\u201d, manifiesta.<br>La Madre Carmen Rendiles es otro testimonio de misericordia, de entrega sin medidas y de amor.<\/p>\n\n\n\n<p>\u00abComo zulianos, celebramos esta buena noticia con devoci\u00f3n. Felices las almas que siguen la voz de Dios\u201d.<br><strong><em>ET \/ Nota de Prensa<\/em><\/strong><\/p>\n","protected":false},"excerpt":{"rendered":"<p>ENTRE TORMENTAS. El gobernador del Zulia, Luis Caldera, y su tren ejecutivo se unen al&#8230;<\/p>\n","protected":false},"author":2,"featured_media":23677,"comment_status":"closed","ping_status":"open","sticky":false,"template":"","format":"standard","meta":{"footnotes":""},"categories":[56,1],"tags":[],"class_list":["post-23675","post","type-post","status-publish","format-standard","has-post-thumbnail","hentry","category-destacadas","category-regionales"],"_links":{"self":[{"href":"https:\/\/entretormentas.com\/index.php?rest_route=\/wp\/v2\/posts\/23675","targetHints":{"allow":["GET"]}}],"collection":[{"href":"https:\/\/entretormentas.com\/index.php?rest_route=\/wp\/v2\/posts"}],"about":[{"href":"https:\/\/entretormentas.com\/index.php?rest_route=\/wp\/v2\/types\/post"}],"author":[{"embeddable":true,"href":"https:\/\/entretormentas.com\/index.php?rest_route=\/wp\/v2\/users\/2"}],"replies":[{"embeddable":true,"href":"https:\/\/entretormentas.com\/index.php?rest_route=%2Fwp%2Fv2%2Fcomments&post=23675"}],"version-history":[{"count":1,"href":"https:\/\/entretormentas.com\/index.php?rest_route=\/wp\/v2\/posts\/23675\/revisions"}],"predecessor-version":[{"id":23678,"href":"https:\/\/entretormentas.com\/index.php?rest_route=\/wp\/v2\/posts\/23675\/revisions\/23678"}],"wp:featuredmedia":[{"embeddable":true,"href":"https:\/\/entretormentas.com\/index.php?rest_route=\/wp\/v2\/media\/23677"}],"wp:attachment":[{"href":"https:\/\/entretormentas.com\/index.php?rest_route=%2Fwp%2Fv2%2Fmedia&parent=23675"}],"wp:term":[{"taxonomy":"category","embeddable":true,"href":"https:\/\/entretormentas.com\/index.php?rest_route=%2Fwp%2Fv2%2Fcategories&post=23675"},{"taxonomy":"post_tag","embeddable":true,"href":"https:\/\/entretormentas.com\/index.php?rest_route=%2Fwp%2Fv2%2Ftags&post=23675"}],"curies":[{"name":"wp","href":"https:\/\/api.w.org\/{rel}","templated":true}]}}