{"id":23679,"date":"2025-10-19T04:01:09","date_gmt":"2025-10-19T08:01:09","guid":{"rendered":"https:\/\/entretormentas.com\/?p=23679"},"modified":"2025-10-19T04:01:10","modified_gmt":"2025-10-19T08:01:10","slug":"mes-rosa-mujeres-del-oeste-de-maracaibo-marchan-para-promover-prevencion-del-cancer-de-mama","status":"publish","type":"post","link":"https:\/\/entretormentas.com\/mes-rosa-mujeres-del-oeste-de-maracaibo-marchan-para-promover-prevencion-del-cancer-de-mama\/","title":{"rendered":"\u00a1MES ROSA! Mujeres del oeste de Maracaibo marchan para promover prevenci\u00f3n del c\u00e1ncer de mama"},"content":{"rendered":"\n<p><strong>ENTRE TORMENTAS.<\/strong> Desbordando alegr\u00eda, centenares de mujeres y hombres vestidos de rosa marcharon desde el mercado perif\u00e9rico de La Limpia hasta la plaza El Jazm\u00edn, en la parroquia Ra\u00fal Leoni, en una actividad llevada a cabo por la Alcald\u00eda de Maracaibo en el marco del Mes Rosa, para promover la prevenci\u00f3n del c\u00e1ncer de mama.<\/p>\n\n\n\n<p>\u201cCon esta marcha, los habitantes de las parroquias del oeste de la ciudad manifestamos que la prevenci\u00f3n es la mejor garant\u00eda para evitar el c\u00e1ncer de mama, para detectarlo en forma temprana y atacarlo a tiempo\u201d, dijo Liuba Colmenares, directora de Planificaci\u00f3n de la Alcald\u00eda marabina.<\/p>\n\n\n\n<p>La funcionaria se\u00f1al\u00f3 que el c\u00e1ncer de mama es la primera causa de muerte en el pa\u00eds y que con actividades como esta, la Alcald\u00eda marabina impulsa la prevenci\u00f3n en las comunidades, en este caso, del oeste de la ciudad.<\/p>\n\n\n\n<figure class=\"wp-block-image size-large\"><img fetchpriority=\"high\" decoding=\"async\" width=\"1024\" height=\"683\" src=\"https:\/\/entretormentas.com\/wp-content\/uploads\/2025\/10\/rosadas2-1024x683.jpg\" alt=\"\" class=\"wp-image-23680\" srcset=\"https:\/\/entretormentas.com\/wp-content\/uploads\/2025\/10\/rosadas2-1024x683.jpg 1024w, https:\/\/entretormentas.com\/wp-content\/uploads\/2025\/10\/rosadas2-300x200.jpg 300w, https:\/\/entretormentas.com\/wp-content\/uploads\/2025\/10\/rosadas2-768x512.jpg 768w, https:\/\/entretormentas.com\/wp-content\/uploads\/2025\/10\/rosadas2.jpg 1280w\" sizes=\"(max-width: 1024px) 100vw, 1024px\" \/><\/figure>\n\n\n\n<p>La marcha tuvo como destino la plaza El Jazm\u00edn, recientemente rescatada para su comunidad por el alcalde Giancarlo Di Martino. All\u00ed las marchantes cerraron con broche de oro la actividad con una animada y concurrida sesi\u00f3n de bailoterapia en la cancha del remozado parque comunitario.<\/p>\n\n\n\n<p><strong>A PRACTICARSE EL AUTOEXAMEN<\/strong><br>Vestida de rosa, en la marcha se encontraba tambi\u00e9n la directora municipal de Salud, Mayreth Acosta. Ella hizo un llamado a las mujeres \u201ca que se toquen, a que se hagan el autoexamen, a que acudan a una evaluaci\u00f3n m\u00e9dica. Hay muchas unidades de atenci\u00f3n a la mujer que ponen a disposici\u00f3n el Gobierno bolivariano por instrucciones de nuestro presidente Nicol\u00e1s Maduro, nuestro gobernador Luis Caldera y nuestro alcalde bolivariano Giancarlo Di Martino\u201d.<\/p>\n\n\n\n<p>La funcionaria destac\u00f3 en que en los centros de salud p\u00fablicos se garantiza la asistencia oportuna \u201cpara que todas tengamos acceso y podamos hacernos, adem\u00e1s del autoexamen, estudios como el ecograma y la mamograf\u00eda\u201d.<\/p>\n\n\n\n<p>Manifest\u00f3 su satisfacci\u00f3n \u201cporque estamos en esta bonita marcha que prepar\u00f3 nuestro equipo de la direcci\u00f3n del oeste de Maracaibo, siguiendo directrices de nuestro alcalde bolivariano Giancarlo Di Martino para promover la concientizaci\u00f3n acerca de esta patolog\u00eda que tanto aqueja a nuestras mujeres, y a un porcentaje de hombres tambi\u00e9n\u201d.<\/p>\n\n\n\n<p><strong>TESTIMONIO DE VIDA<\/strong><br>\u201cT\u00f3cate para que no te toque\u201d. Ese fue el mensaje que transmiti\u00f3 a todos los participantes Marisol Garc\u00eda, sobreviviente del c\u00e1ncer de mama, y quien es un testimonio viviente de que este flagelo puede ser derrotado si se diagnostica a tiempo.<\/p>\n\n\n\n<p>\u201cT\u00f3cate para que no te toque, como me toc\u00f3 a m\u00ed\u201d, dijo Garc\u00eda, quien cont\u00f3 que combati\u00f3 durante tres a\u00f1os contra este mal desde que ella misma sintiera como \u201cuna pelotita chiquitita, como ver un granito de arroz\u201d en su seno izquierdo.<\/p>\n\n\n\n<figure class=\"wp-block-image size-large\"><img decoding=\"async\" width=\"1024\" height=\"683\" src=\"https:\/\/entretormentas.com\/wp-content\/uploads\/2025\/10\/rosadas3-1024x683.jpg\" alt=\"\" class=\"wp-image-23681\" srcset=\"https:\/\/entretormentas.com\/wp-content\/uploads\/2025\/10\/rosadas3-1024x683.jpg 1024w, https:\/\/entretormentas.com\/wp-content\/uploads\/2025\/10\/rosadas3-300x200.jpg 300w, https:\/\/entretormentas.com\/wp-content\/uploads\/2025\/10\/rosadas3-768x512.jpg 768w, https:\/\/entretormentas.com\/wp-content\/uploads\/2025\/10\/rosadas3.jpg 1280w\" sizes=\"(max-width: 1024px) 100vw, 1024px\" \/><\/figure>\n\n\n\n<p>Meses despu\u00e9s de este hallazgo, su seno debi\u00f3 ser retirado mediante una operaci\u00f3n, pero eso no le hizo bajar los brazos. \u201cEl proceso no es nada f\u00e1cil, pero hay que tomarlo con actitud; esto tiene que ver mucho con la actitud y tienes que tener una guerra constante con tu mente\u201d para mantenerse firme.<\/p>\n\n\n\n<p>\u201cEn septiembre fue mi \u00faltima quimioterapia, gracias a Dios, y aqu\u00ed estoy, m\u00edrenme: perfecta, como Dios me hizo, as\u00ed me falte un seno, pero eso a m\u00ed no me detuvo para nada, al contrario, segu\u00ed adelante con m\u00e1s fuerzas\u201d, proclam\u00f3 Marisol Garc\u00eda.<\/p>\n\n\n\n<p>En medio de aplausos, a Marisol Garc\u00eda le fue entregado un diploma y un obsequio como reconocimiento a su coraje para enfrentar este mal.<\/p>\n\n\n\n<p>Tambi\u00e9n lo recibi\u00f3 la se\u00f1ora Dilera Manzanillo, residente del sector Ra\u00fal Leoni y quien, como Marisol Garc\u00eda, ofreci\u00f3 su testimonio de vida tras una lucha de nueve a\u00f1os contra el c\u00e1ncer de mama.<br><strong><em>ET \/ Prensa Alcald\u00eda de Maracaibo<\/em><\/strong><\/p>\n\n\n\n<p><\/p>\n","protected":false},"excerpt":{"rendered":"<p>ENTRE TORMENTAS. Desbordando alegr\u00eda, centenares de mujeres y hombres vestidos de rosa marcharon desde el&#8230;<\/p>\n","protected":false},"author":2,"featured_media":23682,"comment_status":"closed","ping_status":"open","sticky":false,"template":"","format":"standard","meta":{"footnotes":""},"categories":[57,1],"tags":[],"class_list":["post-23679","post","type-post","status-publish","format-standard","has-post-thumbnail","hentry","category-actualidad","category-regionales"],"_links":{"self":[{"href":"https:\/\/entretormentas.com\/index.php?rest_route=\/wp\/v2\/posts\/23679","targetHints":{"allow":["GET"]}}],"collection":[{"href":"https:\/\/entretormentas.com\/index.php?rest_route=\/wp\/v2\/posts"}],"about":[{"href":"https:\/\/entretormentas.com\/index.php?rest_route=\/wp\/v2\/types\/post"}],"author":[{"embeddable":true,"href":"https:\/\/entretormentas.com\/index.php?rest_route=\/wp\/v2\/users\/2"}],"replies":[{"embeddable":true,"href":"https:\/\/entretormentas.com\/index.php?rest_route=%2Fwp%2Fv2%2Fcomments&post=23679"}],"version-history":[{"count":1,"href":"https:\/\/entretormentas.com\/index.php?rest_route=\/wp\/v2\/posts\/23679\/revisions"}],"predecessor-version":[{"id":23683,"href":"https:\/\/entretormentas.com\/index.php?rest_route=\/wp\/v2\/posts\/23679\/revisions\/23683"}],"wp:featuredmedia":[{"embeddable":true,"href":"https:\/\/entretormentas.com\/index.php?rest_route=\/wp\/v2\/media\/23682"}],"wp:attachment":[{"href":"https:\/\/entretormentas.com\/index.php?rest_route=%2Fwp%2Fv2%2Fmedia&parent=23679"}],"wp:term":[{"taxonomy":"category","embeddable":true,"href":"https:\/\/entretormentas.com\/index.php?rest_route=%2Fwp%2Fv2%2Fcategories&post=23679"},{"taxonomy":"post_tag","embeddable":true,"href":"https:\/\/entretormentas.com\/index.php?rest_route=%2Fwp%2Fv2%2Ftags&post=23679"}],"curies":[{"name":"wp","href":"https:\/\/api.w.org\/{rel}","templated":true}]}}