{"id":23684,"date":"2025-10-19T04:25:56","date_gmt":"2025-10-19T08:25:56","guid":{"rendered":"https:\/\/entretormentas.com\/?p=23684"},"modified":"2025-10-19T04:25:57","modified_gmt":"2025-10-19T08:25:57","slug":"en-su-66-aniversario-gobernacion-del-zulia-felicita-a-la-facultad-de-agronomia-de-luz","status":"publish","type":"post","link":"https:\/\/entretormentas.com\/en-su-66-aniversario-gobernacion-del-zulia-felicita-a-la-facultad-de-agronomia-de-luz\/","title":{"rendered":"\u00a1EN SU 66 ANIVERSARIO! Gobernaci\u00f3n del Zulia felicita a la Facultad de Agronom\u00eda de LUZ"},"content":{"rendered":"\n<p><strong>ENTRE TORMENTAS.<\/strong> Con una exitosa serie de actividades desarrolladas del 9 al 17 de octubre, la Facultad de Agronom\u00eda de la Universidad del Zulia (LUZ) conmemor\u00f3 su 66 aniversario, destacando su rol fundamental en la formaci\u00f3n profesional y la innovaci\u00f3n agropecuaria de la regi\u00f3n y el pa\u00eds. La Gobernaci\u00f3n los felicit\u00f3 y acompa\u00f1\u00f3 en la celebraci\u00f3n.<\/p>\n\n\n\n<p>Por la ocasi\u00f3n, la Facultad organiz\u00f3 y promovi\u00f3 la \u00abExpo Agronom\u00eda 2025: Donde el Saber y la Tierra se unen\u00bb, un espacio que se convirti\u00f3 en una vitrina de conocimientos, saberes, innovaci\u00f3n y producci\u00f3n en todas las \u00e1reas inherentes a la agronom\u00eda.<br>Estos eventos se desarrollaron en las instalaciones de la propia Facultad, reuniendo a la comunidad universitaria, productores y sector p\u00fablico.<\/p>\n\n\n\n<figure class=\"wp-block-image size-large\"><img fetchpriority=\"high\" decoding=\"async\" width=\"1024\" height=\"768\" src=\"https:\/\/entretormentas.com\/wp-content\/uploads\/2025\/10\/agrono2-1024x768.jpg\" alt=\"\" class=\"wp-image-23685\" srcset=\"https:\/\/entretormentas.com\/wp-content\/uploads\/2025\/10\/agrono2-1024x768.jpg 1024w, https:\/\/entretormentas.com\/wp-content\/uploads\/2025\/10\/agrono2-300x225.jpg 300w, https:\/\/entretormentas.com\/wp-content\/uploads\/2025\/10\/agrono2-768x576.jpg 768w, https:\/\/entretormentas.com\/wp-content\/uploads\/2025\/10\/agrono2.jpg 1080w\" sizes=\"(max-width: 1024px) 100vw, 1024px\" \/><\/figure>\n\n\n\n<p><strong>RECONOCIMIENTO GUBERNAMENTAL<\/strong><br>El Gobierno Bolivariano del estado Zulia se hizo presente en la celebraci\u00f3n, enviando a trav\u00e9s del secretario de Desarrollo Agropecuario, Jos\u00e9 S\u00e1nchez, un mensaje de felicitaci\u00f3n a la Facultad de Agronom\u00eda, representada por su decana, Ana Colina.<\/p>\n\n\n\n<p>El secretario S\u00e1nchez destac\u00f3 el respaldo total del gobernador Luis Caldera a la producci\u00f3n agroalimentaria.<br>\u00abSer una potencia, generar ingresos no petroleros, es una l\u00ednea de trabajo que se traduce, bajo el respaldo del presidente Nicol\u00e1s Maduro, en esta ocasi\u00f3n en felicitaciones a la Facultad de Agronom\u00eda en sus 66 a\u00f1os, formando hombres y mujeres para la producci\u00f3n y alimentaci\u00f3n de la regi\u00f3n y el pa\u00eds\u00bb, puntualiz\u00f3.<\/p>\n\n\n\n<p><strong>JORNADA DE EXHIBICI\u00d3N E INTERCAMBIO<\/strong><br>El d\u00eda jueves 16 de octubre, la celebraci\u00f3n estuvo marcada por la realizaci\u00f3n de una gran exposici\u00f3n en el pasillo central de la Facultad.<\/p>\n\n\n\n<figure class=\"wp-block-image size-large\"><img decoding=\"async\" width=\"1024\" height=\"768\" src=\"https:\/\/entretormentas.com\/wp-content\/uploads\/2025\/10\/agrono3-1024x768.jpg\" alt=\"\" class=\"wp-image-23686\" srcset=\"https:\/\/entretormentas.com\/wp-content\/uploads\/2025\/10\/agrono3-1024x768.jpg 1024w, https:\/\/entretormentas.com\/wp-content\/uploads\/2025\/10\/agrono3-300x225.jpg 300w, https:\/\/entretormentas.com\/wp-content\/uploads\/2025\/10\/agrono3-768x576.jpg 768w, https:\/\/entretormentas.com\/wp-content\/uploads\/2025\/10\/agrono3.jpg 1080w\" sizes=\"(max-width: 1024px) 100vw, 1024px\" \/><\/figure>\n\n\n\n<p>En la Expo Agronom\u00eda 2025 resalt\u00f3 la presencia de stands de diversas asociaciones, productores, as\u00ed como exhibiciones y muestras de marcas ligadas al sector.<\/p>\n\n\n\n<p>Un stand destacado fue el de la Secretar\u00eda de Desarrollo Agropecuario, atendido por un equipo coordinado por la ingeniera Yennyreth Molina, promoviendo el intercambio y la articulaci\u00f3n entre la academia y el gobierno para el impulso productivo.<\/p>\n\n\n\n<p>De esta manera, la Facultad de Agronom\u00eda de LUZ reafirma su compromiso con la excelencia acad\u00e9mica y la generaci\u00f3n de soluciones para el campo venezolano, proyectando un futuro de prosperidad y desarrollo para el estado Zulia.<br><strong><em>ET \/ Nota de Prensa<\/em><\/strong><\/p>\n\n\n\n<p><\/p>\n","protected":false},"excerpt":{"rendered":"<p>ENTRE TORMENTAS. Con una exitosa serie de actividades desarrolladas del 9 al 17 de octubre,&#8230;<\/p>\n","protected":false},"author":2,"featured_media":23687,"comment_status":"closed","ping_status":"open","sticky":false,"template":"","format":"standard","meta":{"footnotes":""},"categories":[57,1],"tags":[],"class_list":["post-23684","post","type-post","status-publish","format-standard","has-post-thumbnail","hentry","category-actualidad","category-regionales"],"_links":{"self":[{"href":"https:\/\/entretormentas.com\/index.php?rest_route=\/wp\/v2\/posts\/23684","targetHints":{"allow":["GET"]}}],"collection":[{"href":"https:\/\/entretormentas.com\/index.php?rest_route=\/wp\/v2\/posts"}],"about":[{"href":"https:\/\/entretormentas.com\/index.php?rest_route=\/wp\/v2\/types\/post"}],"author":[{"embeddable":true,"href":"https:\/\/entretormentas.com\/index.php?rest_route=\/wp\/v2\/users\/2"}],"replies":[{"embeddable":true,"href":"https:\/\/entretormentas.com\/index.php?rest_route=%2Fwp%2Fv2%2Fcomments&post=23684"}],"version-history":[{"count":1,"href":"https:\/\/entretormentas.com\/index.php?rest_route=\/wp\/v2\/posts\/23684\/revisions"}],"predecessor-version":[{"id":23688,"href":"https:\/\/entretormentas.com\/index.php?rest_route=\/wp\/v2\/posts\/23684\/revisions\/23688"}],"wp:featuredmedia":[{"embeddable":true,"href":"https:\/\/entretormentas.com\/index.php?rest_route=\/wp\/v2\/media\/23687"}],"wp:attachment":[{"href":"https:\/\/entretormentas.com\/index.php?rest_route=%2Fwp%2Fv2%2Fmedia&parent=23684"}],"wp:term":[{"taxonomy":"category","embeddable":true,"href":"https:\/\/entretormentas.com\/index.php?rest_route=%2Fwp%2Fv2%2Fcategories&post=23684"},{"taxonomy":"post_tag","embeddable":true,"href":"https:\/\/entretormentas.com\/index.php?rest_route=%2Fwp%2Fv2%2Ftags&post=23684"}],"curies":[{"name":"wp","href":"https:\/\/api.w.org\/{rel}","templated":true}]}}