{"id":23701,"date":"2025-10-19T04:49:23","date_gmt":"2025-10-19T08:49:23","guid":{"rendered":"https:\/\/entretormentas.com\/?p=23701"},"modified":"2025-10-19T04:49:24","modified_gmt":"2025-10-19T08:49:24","slug":"giancarlo-di-martino-v-cohorte-de-polimaracaibo-heroes-con-mistica","status":"publish","type":"post","link":"https:\/\/entretormentas.com\/giancarlo-di-martino-v-cohorte-de-polimaracaibo-heroes-con-mistica\/","title":{"rendered":"GIANCARLO DI MARTINO: \u00abV Cohorte de Polimaracaibo, h\u00e9roes con m\u00edstica\u00bb"},"content":{"rendered":"\n<p><strong>ENTRE TORMENTAS.<\/strong> El alcalde de Maracaibo, Giancarlo Di Martino, conmemor\u00f3 el vig\u00e9simo aniversario de la V Cohorte de funcionarios de Polimaracaibo, a quienes calific\u00f3 como h\u00e9roes con m\u00edstica, formaci\u00f3n, preparaci\u00f3n y amor, evento celebrado en la sede de Banco Mara y donde le fue entregado un reconocimiento.<\/p>\n\n\n\n<p>Son 20 a\u00f1os de una polic\u00eda que se form\u00f3 en el gobierno del alcalde Giancarlo Di Martino, de all\u00ed la invitaci\u00f3n para que fuera parte de este aniversario por parte de los funcionarios policiales que se formaron en dicha promoci\u00f3n.<\/p>\n\n\n\n<figure class=\"wp-block-image size-large\"><img fetchpriority=\"high\" decoding=\"async\" width=\"1024\" height=\"722\" src=\"https:\/\/entretormentas.com\/wp-content\/uploads\/2025\/10\/cohorte2-1024x722.jpg\" alt=\"\" class=\"wp-image-23702\" srcset=\"https:\/\/entretormentas.com\/wp-content\/uploads\/2025\/10\/cohorte2-1024x722.jpg 1024w, https:\/\/entretormentas.com\/wp-content\/uploads\/2025\/10\/cohorte2-300x212.jpg 300w, https:\/\/entretormentas.com\/wp-content\/uploads\/2025\/10\/cohorte2-768x542.jpg 768w, https:\/\/entretormentas.com\/wp-content\/uploads\/2025\/10\/cohorte2.jpg 1080w\" sizes=\"(max-width: 1024px) 100vw, 1024px\" \/><\/figure>\n\n\n\n<p>\u201cEs un evento important\u00edsimo, magn\u00e1nimo, porque es un encuentro de lo que construimos y que hoy representa la verdadera cara de la Polic\u00eda Municipal de Maracaibo, esa cara que est\u00e1 aqu\u00ed presente es la que se tiene que multiplicar, es el ejemplo de la polic\u00eda que queremos y no es que las otras promociones no lo sean, pero aqu\u00ed hay m\u00edstica, hay formaci\u00f3n, preparaci\u00f3n, hay amor y hay un deseo de continuar y producir los cambios que sean necesarios, refiri\u00f3 al alcalde el alcalde de Maracaibo.<\/p>\n\n\n\n<p>En su discurso a los funcionarios y familiares presentes el alcalde Di Martino dijo que la din\u00e1mica en todos estos a\u00f1os no ha sido f\u00e1cil, ya que evidentemente se han provocado muchos cambios, \u201cpero nosotros como pol\u00edticos tenemos que desarrollar el arte de la pol\u00edtica, hacer posible lo que parece imposible y hoy hay cosas que parecen imposibles porque la transformaci\u00f3n y los cambios lo hicieron profundo, pero nosotros tenemos que dedicarnos a la Polic\u00eda de Maracaibo\u201d.<\/p>\n\n\n\n<p>Se\u00f1al\u00f3 que no se puede salir a la calle a dar \u201csin mirarnos primero dentro de nosotros mismos, y no reestructuramos la condici\u00f3n humana, personal, la formaci\u00f3n, para despu\u00e9s dar lo que tenemos que dar, tenemos que reencontrarnos con ese humanismo familiar, como estamos aqu\u00ed, tenemos que reencontrarnos con satisfacer las necesidades de todos ustedes, con la seguridad personal de cada uno de ustedes, para que puedan salir a la calle con dignidad, mirar a los ojos, como servidores, a quien sirven ustedes\u201d, recalc\u00f3 Di Martino.<\/p>\n\n\n\n<figure class=\"wp-block-image size-large\"><img decoding=\"async\" width=\"1024\" height=\"784\" src=\"https:\/\/entretormentas.com\/wp-content\/uploads\/2025\/10\/cohorte3-1024x784.jpg\" alt=\"\" class=\"wp-image-23703\" srcset=\"https:\/\/entretormentas.com\/wp-content\/uploads\/2025\/10\/cohorte3-1024x784.jpg 1024w, https:\/\/entretormentas.com\/wp-content\/uploads\/2025\/10\/cohorte3-300x230.jpg 300w, https:\/\/entretormentas.com\/wp-content\/uploads\/2025\/10\/cohorte3-768x588.jpg 768w, https:\/\/entretormentas.com\/wp-content\/uploads\/2025\/10\/cohorte3.jpg 1212w\" sizes=\"(max-width: 1024px) 100vw, 1024px\" \/><\/figure>\n\n\n\n<p><strong>DIGNIFICACI\u00d3N DEL POLIC\u00cdA<\/strong><br>El alcalde de Maracaibo hizo referencia a los dos meses de gesti\u00f3n que acaba de cumplir como primera autoridad del municipio Maracaibo, indicando que en el ambiente de toda una estructura y equipo de gobierno que lo acompa\u00f1a est\u00e1 presente el tema de la Polic\u00eda de Maracaibo y los bomberos, \u201cporque son los que dan la cara en los momentos m\u00e1s dif\u00edciles, los que tienen que estar m\u00e1s protegidos, mejor uniformados y equipados, con salarios dignos y por eso vamos a luchar\u201d.<\/p>\n\n\n\n<p>Expres\u00f3 su gratitud a todos los funcionarios presentes por la invitaci\u00f3n recibida para conmemorar estos 20 a\u00f1os de la V Cohorte de Polimaracaibo, de la cual fue part\u00edcipe, \u201cme llevo la esperanza de poder verlos, de que s\u00ed se puede, de que si podemos, de que si puede regresar un helic\u00f3ptero, los chalecos, las mejores armas y el mejor salario\u201d, puntualiz\u00f3 con firmeza el alcalde Di Martino.<br><strong><em>ET \/ Prensa Alcald\u00eda de Maracaibo<\/em><\/strong><\/p>\n\n\n\n<p><\/p>\n","protected":false},"excerpt":{"rendered":"<p>ENTRE TORMENTAS. El alcalde de Maracaibo, Giancarlo Di Martino, conmemor\u00f3 el vig\u00e9simo aniversario de la&#8230;<\/p>\n","protected":false},"author":2,"featured_media":23704,"comment_status":"closed","ping_status":"open","sticky":false,"template":"","format":"standard","meta":{"footnotes":""},"categories":[57,1],"tags":[],"class_list":["post-23701","post","type-post","status-publish","format-standard","has-post-thumbnail","hentry","category-actualidad","category-regionales"],"_links":{"self":[{"href":"https:\/\/entretormentas.com\/index.php?rest_route=\/wp\/v2\/posts\/23701","targetHints":{"allow":["GET"]}}],"collection":[{"href":"https:\/\/entretormentas.com\/index.php?rest_route=\/wp\/v2\/posts"}],"about":[{"href":"https:\/\/entretormentas.com\/index.php?rest_route=\/wp\/v2\/types\/post"}],"author":[{"embeddable":true,"href":"https:\/\/entretormentas.com\/index.php?rest_route=\/wp\/v2\/users\/2"}],"replies":[{"embeddable":true,"href":"https:\/\/entretormentas.com\/index.php?rest_route=%2Fwp%2Fv2%2Fcomments&post=23701"}],"version-history":[{"count":1,"href":"https:\/\/entretormentas.com\/index.php?rest_route=\/wp\/v2\/posts\/23701\/revisions"}],"predecessor-version":[{"id":23705,"href":"https:\/\/entretormentas.com\/index.php?rest_route=\/wp\/v2\/posts\/23701\/revisions\/23705"}],"wp:featuredmedia":[{"embeddable":true,"href":"https:\/\/entretormentas.com\/index.php?rest_route=\/wp\/v2\/media\/23704"}],"wp:attachment":[{"href":"https:\/\/entretormentas.com\/index.php?rest_route=%2Fwp%2Fv2%2Fmedia&parent=23701"}],"wp:term":[{"taxonomy":"category","embeddable":true,"href":"https:\/\/entretormentas.com\/index.php?rest_route=%2Fwp%2Fv2%2Fcategories&post=23701"},{"taxonomy":"post_tag","embeddable":true,"href":"https:\/\/entretormentas.com\/index.php?rest_route=%2Fwp%2Fv2%2Ftags&post=23701"}],"curies":[{"name":"wp","href":"https:\/\/api.w.org\/{rel}","templated":true}]}}