{"id":23706,"date":"2025-10-19T04:53:52","date_gmt":"2025-10-19T08:53:52","guid":{"rendered":"https:\/\/entretormentas.com\/?p=23706"},"modified":"2025-10-19T04:53:53","modified_gmt":"2025-10-19T08:53:53","slug":"mercado-en-el-18-de-octubre-ingredientes-de-las-hallacas-llegaron-a-las-jornadas-de-la-alcaldia-de-maracaibo","status":"publish","type":"post","link":"https:\/\/entretormentas.com\/mercado-en-el-18-de-octubre-ingredientes-de-las-hallacas-llegaron-a-las-jornadas-de-la-alcaldia-de-maracaibo\/","title":{"rendered":"\u00a1MERCADO EN EL 18 DE OCTUBRE! Ingredientes de las hallacas llegaron a las jornadas de la Alcald\u00eda de Maracaibo"},"content":{"rendered":"\n<p><strong>ENTRE TORMENTAS. <\/strong>\u00a1Huele a Navidad! Y por eso los ingredientes para preparar las tradicionales hallacas llegaron a las megajornadas de Mercados Populares que la Alcald\u00eda de Maracaibo sigue llevando a todas las parroquias de la ciudad, por instrucciones del alcalde Giancarlo Di Martino.<\/p>\n\n\n\n<p>Este s\u00e1bado le toc\u00f3 el turno al popular sector del 18 de Octubre, al norte de nuestra capital, que celebra el 77 aniversario de su fundaci\u00f3n.<br>All\u00ed la municipalidad marabina, a trav\u00e9s de la Direcci\u00f3n de Alimentos, ofreci\u00f3 los ingredientes e insumos necesarios para la elaboraci\u00f3n del plato t\u00edpico navide\u00f1o venezolano, incluyendo prote\u00ednas, como pollo, carne de res y cerdo, adem\u00e1s de aceitunas, pasas, alcaparras, hojas de bijao, pabilo y verduras.<\/p>\n\n\n\n<p>Adem\u00e1s, los asistentes pudieron adquirir a precios justos, ajustados a la tasa BCV, otros alimentos y art\u00edculos de la cesta b\u00e1sica, como leche, v\u00edveres y frutas; algunos de estos incluso con descuentos de hasta el 30%.<\/p>\n\n\n\n<figure class=\"wp-block-image size-large\"><img fetchpriority=\"high\" decoding=\"async\" width=\"1024\" height=\"683\" src=\"https:\/\/entretormentas.com\/wp-content\/uploads\/2025\/10\/mercamerc3-1024x683.jpg\" alt=\"\" class=\"wp-image-23707\" srcset=\"https:\/\/entretormentas.com\/wp-content\/uploads\/2025\/10\/mercamerc3-1024x683.jpg 1024w, https:\/\/entretormentas.com\/wp-content\/uploads\/2025\/10\/mercamerc3-300x200.jpg 300w, https:\/\/entretormentas.com\/wp-content\/uploads\/2025\/10\/mercamerc3-768x512.jpg 768w, https:\/\/entretormentas.com\/wp-content\/uploads\/2025\/10\/mercamerc3.jpg 1280w\" sizes=\"(max-width: 1024px) 100vw, 1024px\" \/><\/figure>\n\n\n\n<p><strong>SALUD GRATUITA<\/strong><br>El evento cont\u00f3 con servicios de salud gratuitos en \u00e1reas como medicina general, pediatr\u00eda, odontolog\u00eda, inmunizaciones, valoraci\u00f3n nutricional, despistaje de hipertensi\u00f3n y di\u00e1betes, as\u00ed como la entrega de medicamentos.<\/p>\n\n\n\n<p>Por su parte, la Direcci\u00f3n de Protecci\u00f3n Animal ofreci\u00f3 consultas veterinarias, sin costo, de desparasitaci\u00f3n, vacunaci\u00f3n antirr\u00e1bica, corte de u\u00f1as y limpieza de o\u00eddos para las queridas mascotas de la casa.<\/p>\n\n\n\n<p>Nohelia Parra, presidenta del Instituto Municipal de Protecci\u00f3n Animal (Impa), inform\u00f3 que en cada parroquia han atendido un promedio de 100 felinos y caninos.<\/p>\n\n\n\n<p>\u201cInvito a la comunidad a tomar conciencia y responsabilidad con sus mascotas, nuestra instituci\u00f3n los atiende a trav\u00e9s de estas jornadas de atenci\u00f3n de manera gratuita\u201d.<\/p>\n\n\n\n<p>Como de costumbre, la jornada cont\u00f3 tambi\u00e9n con el apoyo de los voluntarios de la Misi\u00f3n Robert Serra, que brindan a los asistentes servicios de barber\u00eda, peluquer\u00eda y cuidado de u\u00f1as y cejas.<\/p>\n\n\n\n<p>Laura Medina, habitante del 18 de Octubre, expres\u00f3 su satisfacci\u00f3n: \u201cEsta jornada es beneficiosa para el pueblo y hay excelentes precios. Aqu\u00ed compr\u00e9 todo lo que necesitaba para esta semana, v\u00edveres y prote\u00edna. Gracias al alcalde Di Martino por esta labor, s\u00e9 que mi voto vali\u00f3 la pena\u201d.<\/p>\n\n\n\n<figure class=\"wp-block-image size-large\"><img decoding=\"async\" width=\"1024\" height=\"810\" src=\"https:\/\/entretormentas.com\/wp-content\/uploads\/2025\/10\/mercamerc2-1024x810.jpg\" alt=\"\" class=\"wp-image-23708\" srcset=\"https:\/\/entretormentas.com\/wp-content\/uploads\/2025\/10\/mercamerc2-1024x810.jpg 1024w, https:\/\/entretormentas.com\/wp-content\/uploads\/2025\/10\/mercamerc2-300x237.jpg 300w, https:\/\/entretormentas.com\/wp-content\/uploads\/2025\/10\/mercamerc2-768x608.jpg 768w, https:\/\/entretormentas.com\/wp-content\/uploads\/2025\/10\/mercamerc2.jpg 1280w\" sizes=\"(max-width: 1024px) 100vw, 1024px\" \/><\/figure>\n\n\n\n<p><strong>SECTOR PRIVADO EN ACCI\u00d3N<\/strong><br>Gelson Carillo, presidente de la Fundaci\u00f3n de Mercados Populares de Maracaibo (Fundepo), destac\u00f3 la participaci\u00f3n de las empresas en estas jornadas. \u201cLa incorporaci\u00f3n de productores, comerciantes y empresas privadas ha permitido magnificar esta iniciativa, aportando productos de excelente calidad y a precios solidarios\u201d.<\/p>\n\n\n\n<p>Roberto Ospino, vicepresidente de Fundepo, invit\u00f3 a la comunidad marabina a estar atentos para participar en las pr\u00f3ximas megajornadas, recordando que pueden conseguir productos para la elaboraci\u00f3n de platos navide\u00f1os.<\/p>\n\n\n\n<p>\u201cContamos con m\u00e1s de siete toneladas de alimentos, entre ellos, productos para la elaboraci\u00f3n de la hallaca: hojas, pabilo, aceitunas, alcaparras y pasas, con mucho amor para que nuestro pueblo pueda llevar comida de calidad a su hogar\u201d, concluy\u00f3 Ospino.<br><strong><em>ET \/ Prensa Alcald\u00eda de Maracaibo<\/em><\/strong><\/p>\n\n\n\n<p><\/p>\n","protected":false},"excerpt":{"rendered":"<p>ENTRE TORMENTAS. \u00a1Huele a Navidad! Y por eso los ingredientes para preparar las tradicionales hallacas&#8230;<\/p>\n","protected":false},"author":2,"featured_media":23709,"comment_status":"closed","ping_status":"open","sticky":false,"template":"","format":"standard","meta":{"footnotes":""},"categories":[57,1],"tags":[],"class_list":["post-23706","post","type-post","status-publish","format-standard","has-post-thumbnail","hentry","category-actualidad","category-regionales"],"_links":{"self":[{"href":"https:\/\/entretormentas.com\/index.php?rest_route=\/wp\/v2\/posts\/23706","targetHints":{"allow":["GET"]}}],"collection":[{"href":"https:\/\/entretormentas.com\/index.php?rest_route=\/wp\/v2\/posts"}],"about":[{"href":"https:\/\/entretormentas.com\/index.php?rest_route=\/wp\/v2\/types\/post"}],"author":[{"embeddable":true,"href":"https:\/\/entretormentas.com\/index.php?rest_route=\/wp\/v2\/users\/2"}],"replies":[{"embeddable":true,"href":"https:\/\/entretormentas.com\/index.php?rest_route=%2Fwp%2Fv2%2Fcomments&post=23706"}],"version-history":[{"count":1,"href":"https:\/\/entretormentas.com\/index.php?rest_route=\/wp\/v2\/posts\/23706\/revisions"}],"predecessor-version":[{"id":23710,"href":"https:\/\/entretormentas.com\/index.php?rest_route=\/wp\/v2\/posts\/23706\/revisions\/23710"}],"wp:featuredmedia":[{"embeddable":true,"href":"https:\/\/entretormentas.com\/index.php?rest_route=\/wp\/v2\/media\/23709"}],"wp:attachment":[{"href":"https:\/\/entretormentas.com\/index.php?rest_route=%2Fwp%2Fv2%2Fmedia&parent=23706"}],"wp:term":[{"taxonomy":"category","embeddable":true,"href":"https:\/\/entretormentas.com\/index.php?rest_route=%2Fwp%2Fv2%2Fcategories&post=23706"},{"taxonomy":"post_tag","embeddable":true,"href":"https:\/\/entretormentas.com\/index.php?rest_route=%2Fwp%2Fv2%2Ftags&post=23706"}],"curies":[{"name":"wp","href":"https:\/\/api.w.org\/{rel}","templated":true}]}}