{"id":23711,"date":"2025-10-19T04:59:04","date_gmt":"2025-10-19T08:59:04","guid":{"rendered":"https:\/\/entretormentas.com\/?p=23711"},"modified":"2025-10-19T04:59:04","modified_gmt":"2025-10-19T08:59:04","slug":"antes-de-la-canonizacion-y-fiestas-patronales-gobernacion-y-alcaldia-de-maracaibo-acondicionan-la-basilica-de-chiquinquira","status":"publish","type":"post","link":"https:\/\/entretormentas.com\/antes-de-la-canonizacion-y-fiestas-patronales-gobernacion-y-alcaldia-de-maracaibo-acondicionan-la-basilica-de-chiquinquira\/","title":{"rendered":"\u00a1ANTES DE LA CANONIZACI\u00d3N Y FIESTAS PATRONALES! Gobernaci\u00f3n y Alcald\u00eda de Maracaibo acondicionan la Bas\u00edlica de Chiquinquir\u00e1"},"content":{"rendered":"\n<p><strong>ENTRE TORMENTAS. <\/strong>Con motivo de la canonizaci\u00f3n del Dr. Jos\u00e9 Gregorio Hern\u00e1ndez y la Madre Carmen Rendiles, Venezuela se llena de j\u00fabilo, y la ciudad de Maracaibo se prepara para este hist\u00f3rico acontecimiento con un rostro renovado.<\/p>\n\n\n\n<p>El Gobierno nacional en coordinaci\u00f3n con la Gobernaci\u00f3n del estado Zulia y la Alcald\u00eda de Maracaibo, ejecutan un plan de embellecimiento en la Bas\u00edlica Santuario de Nuestra Se\u00f1ora de Chiquinquir\u00e1, s\u00edmbolo de fe y devoci\u00f3n mariana de los zulianos.<\/p>\n\n\n\n<figure class=\"wp-block-image size-full\"><img fetchpriority=\"high\" decoding=\"async\" width=\"682\" height=\"1024\" src=\"https:\/\/entretormentas.com\/wp-content\/uploads\/2025\/10\/basili2.jpg\" alt=\"\" class=\"wp-image-23712\" srcset=\"https:\/\/entretormentas.com\/wp-content\/uploads\/2025\/10\/basili2.jpg 682w, https:\/\/entretormentas.com\/wp-content\/uploads\/2025\/10\/basili2-200x300.jpg 200w\" sizes=\"(max-width: 682px) 100vw, 682px\" \/><\/figure>\n\n\n\n<p>Los trabajos buscan ofrecer una imagen renovada del templo para los actos lit\u00fargicos de la canonizaci\u00f3n y las festividades en honor a La Chinita.<\/p>\n\n\n\n<p><strong>REHABILITACI\u00d3N INTEGRAL<\/strong><br>El abordaje integral, realizado a trav\u00e9s de la Direcci\u00f3n General de Infraestructura municipal, incluy\u00f3 la rehabilitaci\u00f3n de luminarias, instalaci\u00f3n de sonido, restauraci\u00f3n y refrescamiento de la pintura de la fachada, reparaci\u00f3n y construcci\u00f3n de rejillas, adem\u00e1s de la adecuaci\u00f3n de la plazoleta.<\/p>\n\n\n\n<p>Estas labores dejan el recinto en condiciones \u00f3ptimas para el reencuentro de la Virgen con su pueblo.<\/p>\n\n\n\n<p><strong>VOCES DEL PUEBLO<\/strong><br>Jes\u00fas Quevedo, marabino y devoto de la Virgen de Chiquinquir\u00e1, manifest\u00f3 su satisfacci\u00f3n por las acciones de mantenimiento, calific\u00e1ndolas como un reconocimiento al patrimonio hist\u00f3rico de los zulianos.<\/p>\n\n\n\n<figure class=\"wp-block-image size-full\"><img decoding=\"async\" width=\"480\" height=\"846\" src=\"https:\/\/entretormentas.com\/wp-content\/uploads\/2025\/10\/basili3.jpg\" alt=\"\" class=\"wp-image-23713\" srcset=\"https:\/\/entretormentas.com\/wp-content\/uploads\/2025\/10\/basili3.jpg 480w, https:\/\/entretormentas.com\/wp-content\/uploads\/2025\/10\/basili3-170x300.jpg 170w\" sizes=\"(max-width: 480px) 100vw, 480px\" \/><\/figure>\n\n\n\n<p>\u201cMe siento muy contento, muy feliz de que se est\u00e9n tomando en cuenta estas labores de mantenimiento\u201d, expres\u00f3, destacando que este patrimonio es \u201cnuestro cofre dorado y nuestro mayor tesoro\u201d, precis\u00f3 Quevedo.<\/p>\n\n\n\n<p>Por su parte, Jos\u00e9 Fern\u00e1ndez, trabajador del casco central de la ciudad, resalt\u00f3 la relaci\u00f3n entre el embellecimiento del templo y el impulso al turismo local. \u201cYo trabajo aqu\u00ed todos los d\u00edas, y entre m\u00e1s bonita es, m\u00e1s turismo llega\u201d, se\u00f1al\u00f3.<\/p>\n\n\n\n<p>Adem\u00e1s, invit\u00f3 a continuar con estas iniciativas: \u201cHay que seguir trabajando, contin\u00faan como lo est\u00e1n haciendo primero por el pueblo y por nosotros, porque se est\u00e1 viendo el cambio\u201d.<br><strong><em>ET \/ Nota de Prensa<\/em><\/strong><\/p>\n\n\n\n<p><\/p>\n","protected":false},"excerpt":{"rendered":"<p>ENTRE TORMENTAS. Con motivo de la canonizaci\u00f3n del Dr. Jos\u00e9 Gregorio Hern\u00e1ndez y la Madre&#8230;<\/p>\n","protected":false},"author":2,"featured_media":23714,"comment_status":"closed","ping_status":"open","sticky":false,"template":"","format":"standard","meta":{"footnotes":""},"categories":[57,1],"tags":[],"class_list":["post-23711","post","type-post","status-publish","format-standard","has-post-thumbnail","hentry","category-actualidad","category-regionales"],"_links":{"self":[{"href":"https:\/\/entretormentas.com\/index.php?rest_route=\/wp\/v2\/posts\/23711","targetHints":{"allow":["GET"]}}],"collection":[{"href":"https:\/\/entretormentas.com\/index.php?rest_route=\/wp\/v2\/posts"}],"about":[{"href":"https:\/\/entretormentas.com\/index.php?rest_route=\/wp\/v2\/types\/post"}],"author":[{"embeddable":true,"href":"https:\/\/entretormentas.com\/index.php?rest_route=\/wp\/v2\/users\/2"}],"replies":[{"embeddable":true,"href":"https:\/\/entretormentas.com\/index.php?rest_route=%2Fwp%2Fv2%2Fcomments&post=23711"}],"version-history":[{"count":1,"href":"https:\/\/entretormentas.com\/index.php?rest_route=\/wp\/v2\/posts\/23711\/revisions"}],"predecessor-version":[{"id":23715,"href":"https:\/\/entretormentas.com\/index.php?rest_route=\/wp\/v2\/posts\/23711\/revisions\/23715"}],"wp:featuredmedia":[{"embeddable":true,"href":"https:\/\/entretormentas.com\/index.php?rest_route=\/wp\/v2\/media\/23714"}],"wp:attachment":[{"href":"https:\/\/entretormentas.com\/index.php?rest_route=%2Fwp%2Fv2%2Fmedia&parent=23711"}],"wp:term":[{"taxonomy":"category","embeddable":true,"href":"https:\/\/entretormentas.com\/index.php?rest_route=%2Fwp%2Fv2%2Fcategories&post=23711"},{"taxonomy":"post_tag","embeddable":true,"href":"https:\/\/entretormentas.com\/index.php?rest_route=%2Fwp%2Fv2%2Ftags&post=23711"}],"curies":[{"name":"wp","href":"https:\/\/api.w.org\/{rel}","templated":true}]}}