{"id":23724,"date":"2025-10-19T05:14:32","date_gmt":"2025-10-19T09:14:32","guid":{"rendered":"https:\/\/entretormentas.com\/?p=23724"},"modified":"2025-10-19T05:14:33","modified_gmt":"2025-10-19T09:14:33","slug":"alcaldia-marabina-activa-operativo-cachivache-atiende-a-residentes-de-la-parroquia-juana-de-avila","status":"publish","type":"post","link":"https:\/\/entretormentas.com\/alcaldia-marabina-activa-operativo-cachivache-atiende-a-residentes-de-la-parroquia-juana-de-avila\/","title":{"rendered":"\u00a1ALCALD\u00cdA MARABINA ACTIVA! Operativo Cachivache atiende a residentes de la parroquia Juana de \u00c1vila"},"content":{"rendered":"\n<p><strong>ENTRE TORMENTAS. <\/strong>Con la atenci\u00f3n a cinco sectores de la parroquia Juana de \u00c1vila arranc\u00f3 la Alcald\u00eda de Maracaibo el Operativo Cachivache, este s\u00e1bado 18 de octubre.<\/p>\n\n\n\n<p>Canchancha 1 y 2, Virgen del Carmen, sector 18 de la urbanizaci\u00f3n San Jacinto y Llano Alto fueron las zonas donde los vecinos aprovecharon para deshacerse de muebles, escombros, troncos y cualquier objeto que ya estaban utilizando.<\/p>\n\n\n\n<figure class=\"wp-block-image size-large\"><img fetchpriority=\"high\" decoding=\"async\" width=\"1024\" height=\"768\" src=\"https:\/\/entretormentas.com\/wp-content\/uploads\/2025\/10\/cachicachi2-1024x768.jpg\" alt=\"\" class=\"wp-image-23725\" srcset=\"https:\/\/entretormentas.com\/wp-content\/uploads\/2025\/10\/cachicachi2-1024x768.jpg 1024w, https:\/\/entretormentas.com\/wp-content\/uploads\/2025\/10\/cachicachi2-300x225.jpg 300w, https:\/\/entretormentas.com\/wp-content\/uploads\/2025\/10\/cachicachi2-768x576.jpg 768w, https:\/\/entretormentas.com\/wp-content\/uploads\/2025\/10\/cachicachi2.jpg 1080w\" sizes=\"(max-width: 1024px) 100vw, 1024px\" \/><\/figure>\n\n\n\n<p>Esta jornada, la realiz\u00f3 la municipalidad a trav\u00e9s del Instituto Municipal de Aseo Urbano (Imau) con los enlaces territoriales, jefes de calle y l\u00edderes comunitarios del Partido Socialista Unido de Venezuela (Psuv).<\/p>\n\n\n\n<p>Joemel Robles, presidente encargado del Imau, acompa\u00f1ado del concejal Luis Morillo, vicepresidente del Concejo Municipal Bolivariano de Maracaibo, supervis\u00f3 el trabajo e inform\u00f3 que este operativo \u201cviene a complementar las operaciones rutinarias de la recuperaci\u00f3n de la frecuencia de la recolecci\u00f3n domiciliaria en esta parroquia\u201d que inici\u00f3 el pasado lunes 13 de octubre.<\/p>\n\n\n\n<p><strong>OPERACI\u00d3N CACHIVACHE VA A LAS 18 PARROQUIAS<\/strong><br>Detall\u00f3 Joemel Robles que esta tarea se estar\u00e1 realizando cada semana y llegar\u00e1 a las 18 parroquias \u201ctrabajando de la mano con los l\u00edderes comunitarios\u201d.<\/p>\n\n\n\n<p>El concejal Morillo, por su parte, destac\u00f3 este trabajo que viene brindando la Alcald\u00eda Bolivariana de Maracaibo por instrucciones del alcalde Giancarlo Di Martino \u201cle permite al pueblo desechar los objetos, cachivaches que no pueden botar en la recolecci\u00f3n tradicional del aseo urbano puedan hacerlo\u201d.<\/p>\n\n\n\n<figure class=\"wp-block-image size-large\"><img decoding=\"async\" width=\"1024\" height=\"768\" src=\"https:\/\/entretormentas.com\/wp-content\/uploads\/2025\/10\/cachicachi3-1024x768.jpg\" alt=\"\" class=\"wp-image-23726\" srcset=\"https:\/\/entretormentas.com\/wp-content\/uploads\/2025\/10\/cachicachi3-1024x768.jpg 1024w, https:\/\/entretormentas.com\/wp-content\/uploads\/2025\/10\/cachicachi3-300x225.jpg 300w, https:\/\/entretormentas.com\/wp-content\/uploads\/2025\/10\/cachicachi3-768x576.jpg 768w, https:\/\/entretormentas.com\/wp-content\/uploads\/2025\/10\/cachicachi3.jpg 1080w\" sizes=\"(max-width: 1024px) 100vw, 1024px\" \/><\/figure>\n\n\n\n<p><strong>APOYO A LOS VECINOS<\/strong><br>Para F\u00e1tima R\u00edos, habitante del sector Canchancha 2, el Operativo Cachivache \u201ccay\u00f3 como anillo al dedo, pues ya ten\u00eda un cuarto lleno con objetos da\u00f1ados, hace falta que de vez en cuando lo hagan\u201d.<\/p>\n\n\n\n<p>Druris Mu\u00f1oz, enlace territorial del Psuv de la parroquia Juana de \u00c1vila, agradeci\u00f3 el apoyo del alcalde Di Martino y al Imau porque la comunidad se sum\u00f3 a este operativo \u201cen un solo sentir para que Maracaibo est\u00e9 limpia y bella\u201d.<\/p>\n\n\n\n<p>Para esta primera semana, se activaron cinco camiones y una m\u00e1quina del Imau.<br><strong><em>ET \/ Prensa Alcald\u00eda de Maracaibo<\/em><\/strong><\/p>\n","protected":false},"excerpt":{"rendered":"<p>ENTRE TORMENTAS. Con la atenci\u00f3n a cinco sectores de la parroquia Juana de \u00c1vila arranc\u00f3&#8230;<\/p>\n","protected":false},"author":2,"featured_media":23727,"comment_status":"closed","ping_status":"open","sticky":false,"template":"","format":"standard","meta":{"footnotes":""},"categories":[57,1],"tags":[],"class_list":["post-23724","post","type-post","status-publish","format-standard","has-post-thumbnail","hentry","category-actualidad","category-regionales"],"_links":{"self":[{"href":"https:\/\/entretormentas.com\/index.php?rest_route=\/wp\/v2\/posts\/23724","targetHints":{"allow":["GET"]}}],"collection":[{"href":"https:\/\/entretormentas.com\/index.php?rest_route=\/wp\/v2\/posts"}],"about":[{"href":"https:\/\/entretormentas.com\/index.php?rest_route=\/wp\/v2\/types\/post"}],"author":[{"embeddable":true,"href":"https:\/\/entretormentas.com\/index.php?rest_route=\/wp\/v2\/users\/2"}],"replies":[{"embeddable":true,"href":"https:\/\/entretormentas.com\/index.php?rest_route=%2Fwp%2Fv2%2Fcomments&post=23724"}],"version-history":[{"count":1,"href":"https:\/\/entretormentas.com\/index.php?rest_route=\/wp\/v2\/posts\/23724\/revisions"}],"predecessor-version":[{"id":23728,"href":"https:\/\/entretormentas.com\/index.php?rest_route=\/wp\/v2\/posts\/23724\/revisions\/23728"}],"wp:featuredmedia":[{"embeddable":true,"href":"https:\/\/entretormentas.com\/index.php?rest_route=\/wp\/v2\/media\/23727"}],"wp:attachment":[{"href":"https:\/\/entretormentas.com\/index.php?rest_route=%2Fwp%2Fv2%2Fmedia&parent=23724"}],"wp:term":[{"taxonomy":"category","embeddable":true,"href":"https:\/\/entretormentas.com\/index.php?rest_route=%2Fwp%2Fv2%2Fcategories&post=23724"},{"taxonomy":"post_tag","embeddable":true,"href":"https:\/\/entretormentas.com\/index.php?rest_route=%2Fwp%2Fv2%2Ftags&post=23724"}],"curies":[{"name":"wp","href":"https:\/\/api.w.org\/{rel}","templated":true}]}}