{"id":23735,"date":"2025-10-19T06:09:13","date_gmt":"2025-10-19T10:09:13","guid":{"rendered":"https:\/\/entretormentas.com\/?p=23735"},"modified":"2025-10-19T06:09:14","modified_gmt":"2025-10-19T10:09:14","slug":"jubilo-en-venezuela-el-dr-jose-gregorio-hernandez-y-la-madre-carmen-rendiles-ya-son-santos","status":"publish","type":"post","link":"https:\/\/entretormentas.com\/jubilo-en-venezuela-el-dr-jose-gregorio-hernandez-y-la-madre-carmen-rendiles-ya-son-santos\/","title":{"rendered":"\u00a1J\u00daBILO EN VENEZUELA! El Dr. Jos\u00e9 Gregorio Hern\u00e1ndez y la Madre Carmen Rendiles ya son santos"},"content":{"rendered":"\n<p><strong>ENTRE TORMENTAS. <\/strong>En una majestuosa ceremonia realizada desde la plaza San Pedro en el Vaticano, este domingo 19 de octubre el Papa Le\u00f3n XIV canoniz\u00f3 a la Madre Carmen Rendiles Mart\u00ednez y al Doctor Jos\u00e9 Gregorio Hern\u00e1ndez Cisneros, convirti\u00e9ndolos en los primeros santos venezolanos.<\/p>\n\n\n\n<p>Durante la sagrada eucarist\u00eda tambi\u00e9n fueron canonizados Ignacio Choukrallah Maloyan (Turqu\u00eda), Peter To Rot (Pap\u00faa Nueva Guinea), Vincenza Mar\u00eda Poloni (Italia), Mar\u00eda Troncatti (Italia) y Bartolo Longo (Italia). Los siete fueron inscritos en el registro de santos de la iglesia cat\u00f3lica.<\/p>\n\n\n\n<figure class=\"wp-block-image size-large\"><img fetchpriority=\"high\" decoding=\"async\" width=\"1024\" height=\"768\" src=\"https:\/\/entretormentas.com\/wp-content\/uploads\/2025\/10\/canoni2-1024x768.jpg\" alt=\"\" class=\"wp-image-23736\" srcset=\"https:\/\/entretormentas.com\/wp-content\/uploads\/2025\/10\/canoni2-1024x768.jpg 1024w, https:\/\/entretormentas.com\/wp-content\/uploads\/2025\/10\/canoni2-300x225.jpg 300w, https:\/\/entretormentas.com\/wp-content\/uploads\/2025\/10\/canoni2-768x576.jpg 768w, https:\/\/entretormentas.com\/wp-content\/uploads\/2025\/10\/canoni2.jpg 1280w\" sizes=\"(max-width: 1024px) 100vw, 1024px\" \/><\/figure>\n\n\n\n<p>Millones de personas seguidores de la fe cat\u00f3lica siguieron desde Roma por televisi\u00f3n y por todas las plataformas digitales, paso a paso, los detalles de esta ceremonia.<\/p>\n\n\n\n<p>En Insnot\u00fa, Caracas y Maracaibo, as\u00ed como en otras regiones del pa\u00eds, se realizaron vigilias en honor a esta celebraci\u00f3n que marca un antes y un despu\u00e9s en la feligres\u00eda venezolana.<\/p>\n\n\n\n<figure class=\"wp-block-image size-large\"><img decoding=\"async\" width=\"1024\" height=\"566\" src=\"https:\/\/entretormentas.com\/wp-content\/uploads\/2025\/10\/canoni3-1024x566.jpg\" alt=\"\" class=\"wp-image-23737\" srcset=\"https:\/\/entretormentas.com\/wp-content\/uploads\/2025\/10\/canoni3-1024x566.jpg 1024w, https:\/\/entretormentas.com\/wp-content\/uploads\/2025\/10\/canoni3-300x166.jpg 300w, https:\/\/entretormentas.com\/wp-content\/uploads\/2025\/10\/canoni3-768x425.jpg 768w, https:\/\/entretormentas.com\/wp-content\/uploads\/2025\/10\/canoni3.jpg 1080w\" sizes=\"(max-width: 1024px) 100vw, 1024px\" \/><\/figure>\n\n\n\n<p><strong>EL M\u00c9DICO DE LOS POBRES<\/strong><br>La noticia de la canonizaci\u00f3n de Jos\u00e9 Gregorio Hern\u00e1ndez fue recibida con gran alegr\u00eda en Venezuela, donde miles de fieles se congregaron en iglesias y plazas para celebrar este acontecimiento. A su vez, se realizaron eucarist\u00edas y actividades en honor a su figura, reflejando la profunda devoci\u00f3n que los venezolanos sienten por \u00e9l.<\/p>\n\n\n\n<p>La canonizaci\u00f3n de Jos\u00e9 Gregorio Hern\u00e1ndez no solo es un reconocimiento de su vida y obra, sino tambi\u00e9n un mensaje de esperanza para el pueblo venezolano, que enfrenta numerosos desaf\u00edos. Su legado como m\u00e9dico y santo inspira a muchos a vivir con compasi\u00f3n y a servir a los dem\u00e1s, recordando la importancia de la fe en tiempos dif\u00edciles.<\/p>\n\n\n\n<p><strong>LA RELIGIOSA QUE SUPER\u00d3 SU DISCAPACIDAD<\/strong><br>La beata Carmen Rendiles, la primera santa de Venezuela, ya est\u00e1 en los altares con una discapacidad que casi le impidi\u00f3 entrar en la vida religiosa.<\/p>\n\n\n\n<figure class=\"wp-block-image size-full\"><img decoding=\"async\" width=\"900\" height=\"506\" src=\"https:\/\/entretormentas.com\/wp-content\/uploads\/2025\/10\/canoni5.jpg\" alt=\"\" class=\"wp-image-23739\" srcset=\"https:\/\/entretormentas.com\/wp-content\/uploads\/2025\/10\/canoni5.jpg 900w, https:\/\/entretormentas.com\/wp-content\/uploads\/2025\/10\/canoni5-300x169.jpg 300w, https:\/\/entretormentas.com\/wp-content\/uploads\/2025\/10\/canoni5-768x432.jpg 768w\" sizes=\"(max-width: 900px) 100vw, 900px\" \/><\/figure>\n\n\n\n<p>Tercera de nueve hermanos, la madre Carmen naci\u00f3 en Caracas el 11 de agosto de 1903 con una vocaci\u00f3n religiosa que no supieron percibir al menos tres comunidades a las que acudi\u00f3 y que le negaron la entrada. El motivo: la falta de casi todo su brazo izquierdo.<\/p>\n\n\n\n<p>\u00abFue rechazada de la vida religiosa en Venezuela. Pensaban que iba a ser m\u00e1s bien un estorbo\u00bb, cont\u00f3 a EFE la religiosa Mar\u00eda Concepci\u00f3n G\u00f3mez, de 82 a\u00f1os, quien la conoci\u00f3 en 1961.<\/p>\n\n\n\n<p>Pero no desisti\u00f3. Perseverante, continu\u00f3 y lleg\u00f3 a la Congregaci\u00f3n de Siervas de Jes\u00fas en el Sant\u00edsimo Sacramento, una instituci\u00f3n de origen franc\u00e9s, a cuyo noviciado ingres\u00f3 en septiembre de 1927 con 24 a\u00f1os. Un lustro despu\u00e9s, hizo los votos perpetuos. En 1935, fue nombrada maestra de novicias y, en 1951, superiora provincial.<\/p>\n\n\n\n<figure class=\"wp-block-image size-full\"><img loading=\"lazy\" decoding=\"async\" width=\"750\" height=\"390\" src=\"https:\/\/entretormentas.com\/wp-content\/uploads\/2025\/10\/canoni4-1.jpg\" alt=\"\" class=\"wp-image-23740\" srcset=\"https:\/\/entretormentas.com\/wp-content\/uploads\/2025\/10\/canoni4-1.jpg 750w, https:\/\/entretormentas.com\/wp-content\/uploads\/2025\/10\/canoni4-1-300x156.jpg 300w\" sizes=\"(max-width: 750px) 100vw, 750px\" \/><\/figure>\n\n\n\n<p><strong>EJEMPLOS DE VIDA<\/strong><br>La canonizaci\u00f3n significa un impulso para dar a conocer su imagen, vida y obra de esta religiosa que fund\u00f3 colegios para garantizar la educaci\u00f3n de ni\u00f1as de bajos recursos y una congregaci\u00f3n que sigue adelante.<\/p>\n\n\n\n<p>Las figuras, tanto de Jos\u00e9 Gregorio Hern\u00e1ndez como de la Madre Carmen Rendiles, ahora canonizados, se erigen como faros de luz y esperanza, guiando a las nuevas generaciones en su camino de fe y servicio. Sus historias contin\u00faan resonando en los corazones de quienes buscan inspiraci\u00f3n en sus ejemplos de amor, dedicaci\u00f3n y fe.<br><strong><em>ET \/ Gabriel Sthormes<\/em><\/strong><\/p>\n\n\n\n<p><\/p>\n","protected":false},"excerpt":{"rendered":"<p>ENTRE TORMENTAS. En una majestuosa ceremonia realizada desde la plaza San Pedro en el Vaticano,&#8230;<\/p>\n","protected":false},"author":2,"featured_media":23741,"comment_status":"closed","ping_status":"open","sticky":false,"template":"","format":"standard","meta":{"footnotes":""},"categories":[56,49],"tags":[],"class_list":["post-23735","post","type-post","status-publish","format-standard","has-post-thumbnail","hentry","category-destacadas","category-nacionales"],"_links":{"self":[{"href":"https:\/\/entretormentas.com\/index.php?rest_route=\/wp\/v2\/posts\/23735","targetHints":{"allow":["GET"]}}],"collection":[{"href":"https:\/\/entretormentas.com\/index.php?rest_route=\/wp\/v2\/posts"}],"about":[{"href":"https:\/\/entretormentas.com\/index.php?rest_route=\/wp\/v2\/types\/post"}],"author":[{"embeddable":true,"href":"https:\/\/entretormentas.com\/index.php?rest_route=\/wp\/v2\/users\/2"}],"replies":[{"embeddable":true,"href":"https:\/\/entretormentas.com\/index.php?rest_route=%2Fwp%2Fv2%2Fcomments&post=23735"}],"version-history":[{"count":1,"href":"https:\/\/entretormentas.com\/index.php?rest_route=\/wp\/v2\/posts\/23735\/revisions"}],"predecessor-version":[{"id":23742,"href":"https:\/\/entretormentas.com\/index.php?rest_route=\/wp\/v2\/posts\/23735\/revisions\/23742"}],"wp:featuredmedia":[{"embeddable":true,"href":"https:\/\/entretormentas.com\/index.php?rest_route=\/wp\/v2\/media\/23741"}],"wp:attachment":[{"href":"https:\/\/entretormentas.com\/index.php?rest_route=%2Fwp%2Fv2%2Fmedia&parent=23735"}],"wp:term":[{"taxonomy":"category","embeddable":true,"href":"https:\/\/entretormentas.com\/index.php?rest_route=%2Fwp%2Fv2%2Fcategories&post=23735"},{"taxonomy":"post_tag","embeddable":true,"href":"https:\/\/entretormentas.com\/index.php?rest_route=%2Fwp%2Fv2%2Ftags&post=23735"}],"curies":[{"name":"wp","href":"https:\/\/api.w.org\/{rel}","templated":true}]}}