{"id":23743,"date":"2025-10-20T04:06:12","date_gmt":"2025-10-20T08:06:12","guid":{"rendered":"https:\/\/entretormentas.com\/?p=23743"},"modified":"2025-10-20T04:06:13","modified_gmt":"2025-10-20T08:06:13","slug":"con-fe-y-union-alcaldia-de-san-francisco-celebra-encuentro-cristiano-jesucristo-resplandece","status":"publish","type":"post","link":"https:\/\/entretormentas.com\/con-fe-y-union-alcaldia-de-san-francisco-celebra-encuentro-cristiano-jesucristo-resplandece\/","title":{"rendered":"\u00a1CON FE Y UNI\u00d3N! Alcald\u00eda de San Francisco celebra encuentro cristiano \u201cJesucristo Resplandece\u201d"},"content":{"rendered":"\n<p><strong>ENTRE TORMENTAS. <\/strong>La gesti\u00f3n del Alcalde de San Francisco, H\u00e9ctor Soto, celebr\u00f3 en unidad con los diferentes movimientos y ministerios religiosos del municipio, el encuentro cristiano evang\u00e9lico \u201cJesucristo Resplandece\u201d, con el prop\u00f3sito de fortalecer los valores espirituales, promover la fe y reafirmar la uni\u00f3n familiar bajo la gu\u00eda de Dios, a trav\u00e9s de sus l\u00edderes: Ap\u00f3stoles, Profetas, Pastoras y congregaciones que trabajan por el desarrollo moral y espiritual de las comunidades sanfranciscanas.<\/p>\n\n\n\n<p>De igual forma, el encuentro \u00abJesucristo Resplandece\u00bb tuvo como objetivo presentar a las comunidades asistentes, el plan de trabajo y las autoridades al frente de la Gerencia del Consejo Pastoral de Gobierno y Asuntos Religiosos, que permitir\u00e1n brindar atenci\u00f3n integral a las familias sure\u00f1as. Adem\u00e1s de iniciar la actualizaci\u00f3n del censo de las Iglesias, caracterizaci\u00f3n y poblaci\u00f3n que las integran, para dise\u00f1ar estrategias de ayuda, alineadas a los siete ejes de transformaci\u00f3n nacional y las cinco grandes l\u00edneas de acci\u00f3n.<\/p>\n\n\n\n<p>El evento cont\u00f3 con la participaci\u00f3n de la Secretaria de la Gobernaci\u00f3n del estado Zulia, \u00c1ngela Fern\u00e1ndez, quien expres\u00f3 su agradecimiento por la invitaci\u00f3n en nombre del Gobernador Luis Caldera.<\/p>\n\n\n\n<figure class=\"wp-block-image size-large\"><img fetchpriority=\"high\" decoding=\"async\" width=\"1024\" height=\"684\" src=\"https:\/\/entretormentas.com\/wp-content\/uploads\/2025\/10\/cristiasur2-1024x684.jpg\" alt=\"\" class=\"wp-image-23744\" srcset=\"https:\/\/entretormentas.com\/wp-content\/uploads\/2025\/10\/cristiasur2-1024x684.jpg 1024w, https:\/\/entretormentas.com\/wp-content\/uploads\/2025\/10\/cristiasur2-300x200.jpg 300w, https:\/\/entretormentas.com\/wp-content\/uploads\/2025\/10\/cristiasur2-768x513.jpg 768w, https:\/\/entretormentas.com\/wp-content\/uploads\/2025\/10\/cristiasur2.jpg 1280w\" sizes=\"(max-width: 1024px) 100vw, 1024px\" \/><\/figure>\n\n\n\n<p>Por su parte, Johan Vicu\u00f1a, Director General de la Alcald\u00eda de San Francisco, manifest\u00f3 estar convencido de que solo existe un camino, la verdad y la vida. \u00abHoy podemos decir de coraz\u00f3n que entregamos el municipio San Francisco a Dios; \u00c9l es quien nos gu\u00eda en nuestro trabajo diario\u201d.<\/p>\n\n\n\n<p>El Ap\u00f3stol Gerardo Rond\u00f3n, Gerente del Consejo Pastoral de Gobierno y Asuntos Religiosos, se\u00f1al\u00f3 que \u201cesta hermosa actividad fue posible gracias al alcalde H\u00e9ctor Soto, un l\u00edder que impulsa la unidad. Hoy resplandecemos en el nombre de Jesucristo y agradecemos a los pastores, l\u00edderes y fieles que se dieron cita en la Alcald\u00eda Bolivariana de San Francisco para compartir este gran evento de fe y esperanza\u201d.<\/p>\n\n\n\n<p>El encuentro cont\u00f3 con presentaciones de grupos de adoraci\u00f3n, danzas lit\u00fargicas y expresiones de j\u00fabilo, adem\u00e1s de la participaci\u00f3n de representantes de las distintas federaciones cristianas del municipio. La jornada culmin\u00f3 con un emotivo llamado a la uni\u00f3n espiritual bajo la premisa: \u201cSan Francisco y Jesucristo resplandecen en una nueva etapa\u201d.<br><strong><em>ET \/ Prensa Alcald\u00eda de San Francisco<\/em><\/strong><\/p>\n","protected":false},"excerpt":{"rendered":"<p>ENTRE TORMENTAS. La gesti\u00f3n del Alcalde de San Francisco, H\u00e9ctor Soto, celebr\u00f3 en unidad con&#8230;<\/p>\n","protected":false},"author":2,"featured_media":23745,"comment_status":"closed","ping_status":"open","sticky":false,"template":"","format":"standard","meta":{"footnotes":""},"categories":[57,1],"tags":[],"class_list":["post-23743","post","type-post","status-publish","format-standard","has-post-thumbnail","hentry","category-actualidad","category-regionales"],"_links":{"self":[{"href":"https:\/\/entretormentas.com\/index.php?rest_route=\/wp\/v2\/posts\/23743","targetHints":{"allow":["GET"]}}],"collection":[{"href":"https:\/\/entretormentas.com\/index.php?rest_route=\/wp\/v2\/posts"}],"about":[{"href":"https:\/\/entretormentas.com\/index.php?rest_route=\/wp\/v2\/types\/post"}],"author":[{"embeddable":true,"href":"https:\/\/entretormentas.com\/index.php?rest_route=\/wp\/v2\/users\/2"}],"replies":[{"embeddable":true,"href":"https:\/\/entretormentas.com\/index.php?rest_route=%2Fwp%2Fv2%2Fcomments&post=23743"}],"version-history":[{"count":1,"href":"https:\/\/entretormentas.com\/index.php?rest_route=\/wp\/v2\/posts\/23743\/revisions"}],"predecessor-version":[{"id":23746,"href":"https:\/\/entretormentas.com\/index.php?rest_route=\/wp\/v2\/posts\/23743\/revisions\/23746"}],"wp:featuredmedia":[{"embeddable":true,"href":"https:\/\/entretormentas.com\/index.php?rest_route=\/wp\/v2\/media\/23745"}],"wp:attachment":[{"href":"https:\/\/entretormentas.com\/index.php?rest_route=%2Fwp%2Fv2%2Fmedia&parent=23743"}],"wp:term":[{"taxonomy":"category","embeddable":true,"href":"https:\/\/entretormentas.com\/index.php?rest_route=%2Fwp%2Fv2%2Fcategories&post=23743"},{"taxonomy":"post_tag","embeddable":true,"href":"https:\/\/entretormentas.com\/index.php?rest_route=%2Fwp%2Fv2%2Ftags&post=23743"}],"curies":[{"name":"wp","href":"https:\/\/api.w.org\/{rel}","templated":true}]}}