{"id":23747,"date":"2025-10-20T04:11:05","date_gmt":"2025-10-20T08:11:05","guid":{"rendered":"https:\/\/entretormentas.com\/?p=23747"},"modified":"2025-10-20T04:11:06","modified_gmt":"2025-10-20T08:11:06","slug":"omar-munoz-pdte-de-idzepes-principios-de-las-7-t-fortalecen-el-poder-popular","status":"publish","type":"post","link":"https:\/\/entretormentas.com\/omar-munoz-pdte-de-idzepes-principios-de-las-7-t-fortalecen-el-poder-popular\/","title":{"rendered":"OMAR MU\u00d1OZ, PDTE.DE IDZEPES: \u00abPrincipios de las 7-T fortalecen el poder popular\u00bb"},"content":{"rendered":"\n<p><strong><em>La intervenci\u00f3n del economista y docente marc\u00f3 el inicio del ciclo de conferencias \u00abRuta de las Siete Transformaciones\u00bb, organizada por la Alcald\u00eda de Maracaibo<\/em><\/strong><\/p>\n\n\n\n<p><strong>ENTRE TORMENTAS. <\/strong>\u201cHay un principio que traemos a conversaci\u00f3n y que debe entenderse y es que, el poder se ejerce para responderle a quien te dio la oportunidad de ejercerlo. Las siete transformaciones, es un plan, un modelo nuevo de gobernanza que fundamenta sus principios, en el fortalecimiento del poder popular\u201d.<\/p>\n\n\n\n<p>As\u00ed lo expres\u00f3 Omar Mu\u00f1oz, presidente del Instituto Descolonizador Zuliano de Estudios Pol\u00edticos, Econ\u00f3micos y Sociales (Idzepes), adscrito a la Gobernaci\u00f3n del estado Zulia, durante el inicio de charlas de la Ruta de las Siete Transformaciones.<\/p>\n\n\n\n<p>El espacio de conversaci\u00f3n, aprendizaje y debate, tuvo lugar en el Museo de Artes Gr\u00e1ficas del Zulia \u201cLuis Chac\u00f3n\u201d, ubicado en la planta baja del edificio de la Alcald\u00eda de Maracaibo.<\/p>\n\n\n\n<p>En este sentido, el tambi\u00e9n economista explic\u00f3, \u201cel plan de las siete transformaciones apunta, primero, hacia recoger un consenso sobre la estabilidad pol\u00edtica, enfoque de gobernabilidad, y hacia siete dimensiones, entre las que puedo mencionar a la geopol\u00edtica, la seguridad y la ecolog\u00eda; esta \u00faltima para la construcci\u00f3n de sociedades m\u00e1s humanas\u201d. Se\u00f1al\u00f3 que, con estos encuentros de conversaci\u00f3n, fortalecer\u00e1n todos los esquemas pol\u00edticos, sociales y humanos del poder popular.<\/p>\n\n\n\n<figure class=\"wp-block-image size-large\"><img fetchpriority=\"high\" decoding=\"async\" width=\"1024\" height=\"605\" src=\"https:\/\/entretormentas.com\/wp-content\/uploads\/2025\/10\/munoz2-1024x605.jpg\" alt=\"\" class=\"wp-image-23748\" srcset=\"https:\/\/entretormentas.com\/wp-content\/uploads\/2025\/10\/munoz2-1024x605.jpg 1024w, https:\/\/entretormentas.com\/wp-content\/uploads\/2025\/10\/munoz2-300x177.jpg 300w, https:\/\/entretormentas.com\/wp-content\/uploads\/2025\/10\/munoz2-768x454.jpg 768w, https:\/\/entretormentas.com\/wp-content\/uploads\/2025\/10\/munoz2.jpg 1189w\" sizes=\"(max-width: 1024px) 100vw, 1024px\" \/><\/figure>\n\n\n\n<p><strong>HORIZONTALIZAR EL PODER<\/strong><br>El profesor Mu\u00f1oz enfatiz\u00f3 que el principio promovido por el Comandante Hugo Ch\u00e1vez y que hoy mantiene el presidente Nicol\u00e1s Maduro el de \u201chorizontalizar el poder\u201d.<\/p>\n\n\n\n<p>Liuba Colmenares, directora de Planificaci\u00f3n y Desarrollo Organizacional de la Alcald\u00eda Bolivariana de Maracaibo, detall\u00f3 por su parte, \u201ccon esta charla iniciamos la Ruta de las 7 Transformaciones, el Plan de la Patria; enfocadas en una nueva visi\u00f3n de gobernanza fundamentada en el fortalecimiento del poder popular\u201d.<\/p>\n\n\n\n<p>Se\u00f1al\u00f3 la funcionaria que este ciclo de charlas, se desarrollan bajo las orientaciones del Ministerio de Planificaci\u00f3n y del presidente Nicol\u00e1s Maduro.<br>En este orden afirm\u00f3, \u201ces sencillo, las 7 Transformaciones se orientan hacia el desarrollo de nuestras potencialidades, en todos los ejes productivos \u201d.<\/p>\n\n\n\n<p>El encuentro, dirigido al equipo de la Alcald\u00eda de Maracaibo, marc\u00f3 el inicio de un ciclo de charlas que se enfocan en alinear a la municipalidad con la ruta de las 7 Transformaciones.<br><strong><em>ET \/ Prensa Alcald\u00eda de Maracaibo<\/em><\/strong><\/p>\n\n\n\n<p><\/p>\n","protected":false},"excerpt":{"rendered":"<p>La intervenci\u00f3n del economista y docente marc\u00f3 el inicio del ciclo de conferencias \u00abRuta de&#8230;<\/p>\n","protected":false},"author":2,"featured_media":23749,"comment_status":"closed","ping_status":"open","sticky":false,"template":"","format":"standard","meta":{"footnotes":""},"categories":[57,1],"tags":[],"class_list":["post-23747","post","type-post","status-publish","format-standard","has-post-thumbnail","hentry","category-actualidad","category-regionales"],"_links":{"self":[{"href":"https:\/\/entretormentas.com\/index.php?rest_route=\/wp\/v2\/posts\/23747","targetHints":{"allow":["GET"]}}],"collection":[{"href":"https:\/\/entretormentas.com\/index.php?rest_route=\/wp\/v2\/posts"}],"about":[{"href":"https:\/\/entretormentas.com\/index.php?rest_route=\/wp\/v2\/types\/post"}],"author":[{"embeddable":true,"href":"https:\/\/entretormentas.com\/index.php?rest_route=\/wp\/v2\/users\/2"}],"replies":[{"embeddable":true,"href":"https:\/\/entretormentas.com\/index.php?rest_route=%2Fwp%2Fv2%2Fcomments&post=23747"}],"version-history":[{"count":1,"href":"https:\/\/entretormentas.com\/index.php?rest_route=\/wp\/v2\/posts\/23747\/revisions"}],"predecessor-version":[{"id":23750,"href":"https:\/\/entretormentas.com\/index.php?rest_route=\/wp\/v2\/posts\/23747\/revisions\/23750"}],"wp:featuredmedia":[{"embeddable":true,"href":"https:\/\/entretormentas.com\/index.php?rest_route=\/wp\/v2\/media\/23749"}],"wp:attachment":[{"href":"https:\/\/entretormentas.com\/index.php?rest_route=%2Fwp%2Fv2%2Fmedia&parent=23747"}],"wp:term":[{"taxonomy":"category","embeddable":true,"href":"https:\/\/entretormentas.com\/index.php?rest_route=%2Fwp%2Fv2%2Fcategories&post=23747"},{"taxonomy":"post_tag","embeddable":true,"href":"https:\/\/entretormentas.com\/index.php?rest_route=%2Fwp%2Fv2%2Ftags&post=23747"}],"curies":[{"name":"wp","href":"https:\/\/api.w.org\/{rel}","templated":true}]}}