{"id":23751,"date":"2025-10-20T04:15:27","date_gmt":"2025-10-20T08:15:27","guid":{"rendered":"https:\/\/entretormentas.com\/?p=23751"},"modified":"2025-10-20T04:15:28","modified_gmt":"2025-10-20T08:15:28","slug":"con-apoyo-de-la-alcaldia-marea-rosa-recorre-calles-de-maracaibo-en-la-xxv-caminata-por-la-vida-de-famac","status":"publish","type":"post","link":"https:\/\/entretormentas.com\/con-apoyo-de-la-alcaldia-marea-rosa-recorre-calles-de-maracaibo-en-la-xxv-caminata-por-la-vida-de-famac\/","title":{"rendered":"\u00a1CON APOYO DE LA ALCALD\u00cdA! Marea Rosa recorre calles de Maracaibo en la XXV Caminata por la Vida de FAMAC"},"content":{"rendered":"\n<p><strong>ENTRE TORMENTAS. <\/strong>Una marea rosa inund\u00f3 las calles de Maracaibo este 19 de octubre en el marco del d\u00eda mundial contra el c\u00e1ncer de mama, la Alcald\u00eda de Maracaibo, en coordinaci\u00f3n con la Fundaci\u00f3n Amigos de la Mujer con C\u00e1ncer de Mama (FAMAC), participaron en el desarrollo exitoso de la XXV Caminata por la Vida para educar, prevenir y apoyar la lucha contra el c\u00e1ncer de mama.<\/p>\n\n\n\n<p>La caminata de 10km inici\u00f3 su ruta y culmin\u00f3 en el parque Vereda del Lago, con un recorrido alegre y vistoso por las avenidas El Milagro, Bella Vista (desde Plaza \u00c9l \u00c1ngel), pasando por la sede de Villa Carmen donde la Alcald\u00eda de Maracaibo ten\u00eda su Punto Rosa, siguiendo hasta llegar a la Plaza de la Rep\u00fablica, cruzando en 5 de Julio y bajando nuevamente para conectarse con la avenida El Milagro,<\/p>\n\n\n\n<p>Ana Clara Barboza de Di Martino, primera dama y directora general de Desarrollo Social, particip\u00f3 activamente en el desarrollo de esta actividad, fomentando la conciencia y la prevenci\u00f3n: \u201cLa lucha contra el c\u00e1ncer de mama es importante para cada una de las mujeres que vivimos en esta ciudad. As\u00ed que mujer, cu\u00eddate, somos la base fundamental de Maracaibo y de la sociedad\u201d.<\/p>\n\n\n\n<figure class=\"wp-block-image size-large\"><img fetchpriority=\"high\" decoding=\"async\" width=\"1024\" height=\"682\" src=\"https:\/\/entretormentas.com\/wp-content\/uploads\/2025\/10\/rosaditas2-1024x682.jpg\" alt=\"\" class=\"wp-image-23752\" srcset=\"https:\/\/entretormentas.com\/wp-content\/uploads\/2025\/10\/rosaditas2-1024x682.jpg 1024w, https:\/\/entretormentas.com\/wp-content\/uploads\/2025\/10\/rosaditas2-300x200.jpg 300w, https:\/\/entretormentas.com\/wp-content\/uploads\/2025\/10\/rosaditas2-768x512.jpg 768w, https:\/\/entretormentas.com\/wp-content\/uploads\/2025\/10\/rosaditas2.jpg 1280w\" sizes=\"(max-width: 1024px) 100vw, 1024px\" \/><\/figure>\n\n\n\n<p>Esta actividad tuvo el respaldo de organismos de Protecci\u00f3n Civil, Cuerpo de Bomberos, Salud Maracaibo, Instituto Municipal del Deporte, Direcci\u00f3n de Seguridad Ciudadana y cl\u00ednicas m\u00f3viles, quienes garantizaron la seguridad de los ciudadanos presentes durante la caminata.<\/p>\n\n\n\n<p>En el Punto Rosa, ubicado en Villa Carmen, la primera dama del municipio y todo el equipo de la alcald\u00eda de Maracaibo dispuso de una tarima, globos rosados, para desarrollar una bailoterapia que se mantuvo activa durante todo el recorrido de las participantes, a quienes se les entreg\u00f3 a medida de su paso hidrataci\u00f3n, y unos detalles preparados por la Direcci\u00f3n de Desarrollo Social.<\/p>\n\n\n\n<p>Por otro lado, Ram\u00f3n Felipe Colina, director encargado de cultura de la Alcald\u00eda de Maracaibo, destac\u00f3 la importancia de estos actos y la participaci\u00f3n familiar. \u201cLa cultura de la salud debe estar presente y la alcald\u00eda bolivariana, siguiendo las pol\u00edticas del presidente Nicol\u00e1s Maduro, el gobernador, Luis Calera, la Organizaci\u00f3n Mundial de la Salud y la Organizaci\u00f3n Panamericana de la Salud, realiza estas caminatas para sensibilizar a toda la sociedad sobre la prevenci\u00f3n del c\u00e1ncer de mama\u201d.<\/p>\n\n\n\n<p>A lo largo del recorrido, varios puntos estrat\u00e9gicos ayudaron con hidrataci\u00f3n y sesiones de bailoterapia, fortaleciendo el compromiso de todos por una ciudad libre de c\u00e1ncer de mama.<\/p>\n\n\n\n<p>Obdulia Rosa \u00c1lvarez, sobreviviente de c\u00e1ncer, comparti\u00f3 su alegr\u00eda por acudir a esta caminata que espera repetir cada a\u00f1o: \u201cComo sobreviviente doy gracias a Dios por estar sana, agradecida por esta iniciativa y espero repetirlo cada a\u00f1o\u201d.<br><strong><em>ET \/ Prensa Alcald\u00eda de Maracaibo<\/em><\/strong><\/p>\n\n\n\n<p><\/p>\n","protected":false},"excerpt":{"rendered":"<p>ENTRE TORMENTAS. Una marea rosa inund\u00f3 las calles de Maracaibo este 19 de octubre en&#8230;<\/p>\n","protected":false},"author":2,"featured_media":23753,"comment_status":"closed","ping_status":"open","sticky":false,"template":"","format":"standard","meta":{"footnotes":""},"categories":[57,1],"tags":[],"class_list":["post-23751","post","type-post","status-publish","format-standard","has-post-thumbnail","hentry","category-actualidad","category-regionales"],"_links":{"self":[{"href":"https:\/\/entretormentas.com\/index.php?rest_route=\/wp\/v2\/posts\/23751","targetHints":{"allow":["GET"]}}],"collection":[{"href":"https:\/\/entretormentas.com\/index.php?rest_route=\/wp\/v2\/posts"}],"about":[{"href":"https:\/\/entretormentas.com\/index.php?rest_route=\/wp\/v2\/types\/post"}],"author":[{"embeddable":true,"href":"https:\/\/entretormentas.com\/index.php?rest_route=\/wp\/v2\/users\/2"}],"replies":[{"embeddable":true,"href":"https:\/\/entretormentas.com\/index.php?rest_route=%2Fwp%2Fv2%2Fcomments&post=23751"}],"version-history":[{"count":1,"href":"https:\/\/entretormentas.com\/index.php?rest_route=\/wp\/v2\/posts\/23751\/revisions"}],"predecessor-version":[{"id":23754,"href":"https:\/\/entretormentas.com\/index.php?rest_route=\/wp\/v2\/posts\/23751\/revisions\/23754"}],"wp:featuredmedia":[{"embeddable":true,"href":"https:\/\/entretormentas.com\/index.php?rest_route=\/wp\/v2\/media\/23753"}],"wp:attachment":[{"href":"https:\/\/entretormentas.com\/index.php?rest_route=%2Fwp%2Fv2%2Fmedia&parent=23751"}],"wp:term":[{"taxonomy":"category","embeddable":true,"href":"https:\/\/entretormentas.com\/index.php?rest_route=%2Fwp%2Fv2%2Fcategories&post=23751"},{"taxonomy":"post_tag","embeddable":true,"href":"https:\/\/entretormentas.com\/index.php?rest_route=%2Fwp%2Fv2%2Ftags&post=23751"}],"curies":[{"name":"wp","href":"https:\/\/api.w.org\/{rel}","templated":true}]}}