{"id":23755,"date":"2025-10-20T04:19:20","date_gmt":"2025-10-20T08:19:20","guid":{"rendered":"https:\/\/entretormentas.com\/?p=23755"},"modified":"2025-10-20T04:19:21","modified_gmt":"2025-10-20T08:19:21","slug":"en-las-siete-parroquias-de-san-francisco-culmina-consulta-popular-del-presupuesto-participativo-2026","status":"publish","type":"post","link":"https:\/\/entretormentas.com\/en-las-siete-parroquias-de-san-francisco-culmina-consulta-popular-del-presupuesto-participativo-2026\/","title":{"rendered":"\u00a1EN LAS SIETE PARROQUIAS DE SAN FRANCISCO! Culmina consulta popular del Presupuesto Participativo 2026"},"content":{"rendered":"\n<p><strong>ENTRE TORMENTAS. <\/strong>Con la participaci\u00f3n activa del Poder Popular en las siete parroquias del municipio, el Alcalde de San Francisco, H\u00e9ctor Soto, culmin\u00f3 la Consulta Popular del Presupuesto Participativo 2026, un ejercicio de democracia directa que permiti\u00f3 a las comunidades definir sus prioridades en materia de inversi\u00f3n, desarrollo social y servicios p\u00fablicos.<\/p>\n\n\n\n<p>El cierre de esta fase se realiz\u00f3 en la parroquia Domitila Flores, con la participaci\u00f3n de las comunas Cacique Urqu\u00eda, G\/J Alberto Muller Rojas, La \u00c9tica y Moral Socialista, Domitila Flores A, El Despertar de un Pueblo, Los Sue\u00f1os del Gigante, La Fuerza del Pueblo, Ecorevoluci\u00f3n con Ch\u00e1vez, adem\u00e1s de la Propuesta de Circuito Campo Alegre.<\/p>\n\n\n\n<figure class=\"wp-block-image size-large\"><img fetchpriority=\"high\" decoding=\"async\" width=\"1024\" height=\"684\" src=\"https:\/\/entretormentas.com\/wp-content\/uploads\/2025\/10\/consulsur2-1024x684.jpg\" alt=\"\" class=\"wp-image-23756\" srcset=\"https:\/\/entretormentas.com\/wp-content\/uploads\/2025\/10\/consulsur2-1024x684.jpg 1024w, https:\/\/entretormentas.com\/wp-content\/uploads\/2025\/10\/consulsur2-300x200.jpg 300w, https:\/\/entretormentas.com\/wp-content\/uploads\/2025\/10\/consulsur2-768x513.jpg 768w, https:\/\/entretormentas.com\/wp-content\/uploads\/2025\/10\/consulsur2.jpg 1280w\" sizes=\"(max-width: 1024px) 100vw, 1024px\" \/><\/figure>\n\n\n\n<p>Durante el encuentro, los voceros comunales presentaron propuestas orientadas a la rehabilitaci\u00f3n de espacios p\u00fablicos, mejoras en el servicio de agua potable, impulso a la productividad local, atenci\u00f3n social y fortalecimiento del sistema de salud y el\u00e9ctrico. Este proceso de participaci\u00f3n comunitaria forma parte de las estrategias impulsadas por el Gobierno Bolivariano para garantizar la corresponsabilidad en la planificaci\u00f3n del desarrollo municipal.<\/p>\n\n\n\n<p>El mandatario municipal expres\u00f3: \u201cUn s\u00e1bado lleno de bendiciones para la parroquia Domitila Flores, y por supuesto, para todo el municipio San Francisco. Cerramos el ciclo de visitas en los 26 circuitos comunales, desplegados en las siete parroquias de la Consulta de Presupuesto 2026. Estoy escuchando cada una de las peticiones, cada una de las solicitudes. Nosotros estamos revisando caso a caso para plasmarlo en este 2026.\u201d<\/p>\n\n\n\n<p>El Presupuesto Participativo 2026 se desarroll\u00f3 en las parroquias Los Cortijos, Jos\u00e9 Domingo Rus, Francisco Ochoa, San Francisco, Marcial Hern\u00e1ndez, El Bajo y Domitila Flores, consolidando as\u00ed un proceso que refuerza la integraci\u00f3n entre los diferentes niveles de gobierno y el cumplimiento de las Siete Transformaciones (7T) orientadas por el presidente Nicol\u00e1s Maduro.<br><strong><em>ET \/ Prensa Alcald\u00eda de San Francisco<\/em><\/strong><\/p>\n","protected":false},"excerpt":{"rendered":"<p>ENTRE TORMENTAS. Con la participaci\u00f3n activa del Poder Popular en las siete parroquias del municipio,&#8230;<\/p>\n","protected":false},"author":2,"featured_media":23757,"comment_status":"closed","ping_status":"open","sticky":false,"template":"","format":"standard","meta":{"footnotes":""},"categories":[57,1],"tags":[],"class_list":["post-23755","post","type-post","status-publish","format-standard","has-post-thumbnail","hentry","category-actualidad","category-regionales"],"_links":{"self":[{"href":"https:\/\/entretormentas.com\/index.php?rest_route=\/wp\/v2\/posts\/23755","targetHints":{"allow":["GET"]}}],"collection":[{"href":"https:\/\/entretormentas.com\/index.php?rest_route=\/wp\/v2\/posts"}],"about":[{"href":"https:\/\/entretormentas.com\/index.php?rest_route=\/wp\/v2\/types\/post"}],"author":[{"embeddable":true,"href":"https:\/\/entretormentas.com\/index.php?rest_route=\/wp\/v2\/users\/2"}],"replies":[{"embeddable":true,"href":"https:\/\/entretormentas.com\/index.php?rest_route=%2Fwp%2Fv2%2Fcomments&post=23755"}],"version-history":[{"count":1,"href":"https:\/\/entretormentas.com\/index.php?rest_route=\/wp\/v2\/posts\/23755\/revisions"}],"predecessor-version":[{"id":23758,"href":"https:\/\/entretormentas.com\/index.php?rest_route=\/wp\/v2\/posts\/23755\/revisions\/23758"}],"wp:featuredmedia":[{"embeddable":true,"href":"https:\/\/entretormentas.com\/index.php?rest_route=\/wp\/v2\/media\/23757"}],"wp:attachment":[{"href":"https:\/\/entretormentas.com\/index.php?rest_route=%2Fwp%2Fv2%2Fmedia&parent=23755"}],"wp:term":[{"taxonomy":"category","embeddable":true,"href":"https:\/\/entretormentas.com\/index.php?rest_route=%2Fwp%2Fv2%2Fcategories&post=23755"},{"taxonomy":"post_tag","embeddable":true,"href":"https:\/\/entretormentas.com\/index.php?rest_route=%2Fwp%2Fv2%2Ftags&post=23755"}],"curies":[{"name":"wp","href":"https:\/\/api.w.org\/{rel}","templated":true}]}}