{"id":23763,"date":"2025-10-20T04:27:26","date_gmt":"2025-10-20T08:27:26","guid":{"rendered":"https:\/\/entretormentas.com\/?p=23763"},"modified":"2025-10-20T04:27:27","modified_gmt":"2025-10-20T08:27:27","slug":"alcalde-di-martino-el-lunes-empiezan-a-sonar-las-gaitas-finalistas-para-elegir-la-gaita-del-ano","status":"publish","type":"post","link":"https:\/\/entretormentas.com\/alcalde-di-martino-el-lunes-empiezan-a-sonar-las-gaitas-finalistas-para-elegir-la-gaita-del-ano\/","title":{"rendered":"ALCALDE DI MARTINO: \u201cEl lunes empiezan a sonar las gaitas finalistas para elegir la gaita del a\u00f1o\u201d"},"content":{"rendered":"\n<p><strong>ENTRE TORMENTAS. <\/strong>Se acerca el d\u00eda para que Maracaibo conozca la ganadora del festival Maracaibo Elige la Gaita del A\u00f1o, despu\u00e9s que, el s\u00e1bado 18 de octubre, un c\u00f3nclave compuesto de 250 especialistas seleccionara las diez finalistas en la categor\u00eda Adulto Profesional y diez en la categor\u00eda Infantil Juvenil.<\/p>\n\n\n\n<p>El alcalde de Maracaibo, Giancarlo Di Martino, responsable del relanzamiento de este tradicional concurso, acudi\u00f3 a la realizaci\u00f3n de la votaci\u00f3n del jurado especial \u2013compuesto por gaiteros, personalidades, representantes de los medios de comunicaci\u00f3n y locutores- que arroj\u00f3 las 20 composiciones finalistas del festival.<\/p>\n\n\n\n<figure class=\"wp-block-image size-large\"><img fetchpriority=\"high\" decoding=\"async\" width=\"1024\" height=\"729\" src=\"https:\/\/entretormentas.com\/wp-content\/uploads\/2025\/10\/gaitano2-1024x729.jpg\" alt=\"\" class=\"wp-image-23764\" srcset=\"https:\/\/entretormentas.com\/wp-content\/uploads\/2025\/10\/gaitano2-1024x729.jpg 1024w, https:\/\/entretormentas.com\/wp-content\/uploads\/2025\/10\/gaitano2-300x214.jpg 300w, https:\/\/entretormentas.com\/wp-content\/uploads\/2025\/10\/gaitano2-768x547.jpg 768w, https:\/\/entretormentas.com\/wp-content\/uploads\/2025\/10\/gaitano2.jpg 1080w\" sizes=\"(max-width: 1024px) 100vw, 1024px\" \/><\/figure>\n\n\n\n<p>\u201cHemos estado en el proceso de selecci\u00f3n del festival Maracaibo Elige la Gaita del A\u00f1o\u201d, indic\u00f3 emocionado Di Martino, la noche del s\u00e1bado 18 de octubre, durante la reinauguraci\u00f3n de la plaza de este sector del norte de la ciudad.<\/p>\n\n\n\n<p>\u201cYa se presentaron las 10 gaitas infantiles y las 10 gaitas de adultos finalistas: el lunes ya empiezan a rodar por todas las emisoras\u201d para que los zulianos seleccionen con su voto a la ganadora en cada categor\u00eda, se\u00f1al\u00f3 el Alcalde. \u201cAs\u00ed que, bueno, esperamos con mucha expectativa el concurso final\u201d.<\/p>\n\n\n\n<p><strong>DE NUEVO A LA PALESTRA<\/strong><br>El festival Maracaibo Elige la Gaita del A\u00f1o vuelve a la palestra este a\u00f1o de la mano del alcalde Giancarlo Di Martino y a trav\u00e9s del Instituto Municipal de la Gaita Ricardo Aguirre (IMGRA), adscrito a la municipalidad bolivariana marabina.<\/p>\n\n\n\n<p>En sus redes sociales, el IMGRA dio a conocer las gaitas finalistas.<\/p>\n\n\n\n<figure class=\"wp-block-image size-large\"><img decoding=\"async\" width=\"1024\" height=\"696\" src=\"https:\/\/entretormentas.com\/wp-content\/uploads\/2025\/10\/gaitano3-1024x696.jpg\" alt=\"\" class=\"wp-image-23765\" srcset=\"https:\/\/entretormentas.com\/wp-content\/uploads\/2025\/10\/gaitano3-1024x696.jpg 1024w, https:\/\/entretormentas.com\/wp-content\/uploads\/2025\/10\/gaitano3-300x204.jpg 300w, https:\/\/entretormentas.com\/wp-content\/uploads\/2025\/10\/gaitano3-768x522.jpg 768w, https:\/\/entretormentas.com\/wp-content\/uploads\/2025\/10\/gaitano3.jpg 1080w\" sizes=\"(max-width: 1024px) 100vw, 1024px\" \/><\/figure>\n\n\n\n<p><strong>CATEGOR\u00cdA ADULTO PROFESIONAL:<\/strong><br>-El regalo que Dios me dio (Omar Paz Montiel, Edwin Carrasquero) Rinc\u00f3n Morales<\/p>\n\n\n\n<p>-La Bonita (Abd\u00e9nago \u2018Neguito\u2019 Borjas) Zulianos Somos<\/p>\n\n\n\n<p>-La Vela (Wolfang Romero, Leandro Zuleta) Gaiteros de Pillopo<\/p>\n\n\n\n<p>-Con Esencia Natural (Argenis S\u00e1nchez) La Gaita de Otrora<\/p>\n\n\n\n<p>-Protagonistas (Jos\u00e9 Luis Vargas, Al\u00ed Ojeda) Los Zagales del Padre V\u00edlchez<\/p>\n\n\n\n<p>-Amo a la Zulianidad (Jos\u00e9 Luis Vargas, Al\u00ed Ojeda) Gaiteros de Ziruma<\/p>\n\n\n\n<p>-La Casita Playera (Argenis S\u00e1nchez) Gaiteros a la Carta<\/p>\n\n\n\n<p>-La Hamaca (Wolfang Jos\u00e9 Romero) Iluminaci\u00f3n, Gaita y Show<\/p>\n\n\n\n<p>-Sagrada Amistad (Gabriel Rodr\u00edguez) Saladillo del 70<\/p>\n\n\n\n<p>-La Pepa del Queso (Jos\u00e9 Luis Vargas, Al\u00ed Ojeda) El Tren Gaitero<\/p>\n\n\n\n<p><strong>CATEGOR\u00cdA INFANTIL Y JUVENIL:<\/strong><br>-Voz Blanca (Jaime Indriago) Los Zagalines del Padre V\u00edlchez<\/p>\n\n\n\n<p>-Soy Empedraera (Argenis S\u00e1nchez) Melod\u00eda Empedraera<\/p>\n\n\n\n<p>-La Guachafita (Alcides Tejeda, Al\u00ed Ojeda) Amiguitos Los Hijos de la Gaita<\/p>\n\n\n\n<p>-El Tradicionalista (Argenis S\u00e1nchez) Los Verduguitos de Cabimas<\/p>\n\n\n\n<p>-La Devoci\u00f3n del Zuliano (Jaime Indriago) U.E. Caracciolo Parra Le\u00f3n<\/p>\n\n\n\n<p>-El Don de Gaitear (Ana Luc\u00eda Nava) Gaiteritos de Luc\u00eda<\/p>\n\n\n\n<p>-Las Huellas el Padre V\u00edlchez (Abd\u00e9nago Borjas) Gaiteritos de Rinaldi<\/p>\n\n\n\n<p>-Repica la tradici\u00f3n (Al\u00ed Fuenmayor) Pascueritos de San Ignacio<\/p>\n\n\n\n<p>-Gaiteros de Coraz\u00f3n (Alvis Reyes) Gaiteritos de Tata<\/p>\n\n\n\n<p>-Tres Luces (Jaime Indriago) Los \u00c1ngeles de la Gaita del Padre V\u00edlchez<br><strong><em>ET \/ Prensa Alcald\u00eda de Maracaibo<\/em><\/strong><\/p>\n\n\n\n<p><\/p>\n","protected":false},"excerpt":{"rendered":"<p>ENTRE TORMENTAS. Se acerca el d\u00eda para que Maracaibo conozca la ganadora del festival Maracaibo&#8230;<\/p>\n","protected":false},"author":2,"featured_media":23766,"comment_status":"closed","ping_status":"open","sticky":false,"template":"","format":"standard","meta":{"footnotes":""},"categories":[57,1],"tags":[],"class_list":["post-23763","post","type-post","status-publish","format-standard","has-post-thumbnail","hentry","category-actualidad","category-regionales"],"_links":{"self":[{"href":"https:\/\/entretormentas.com\/index.php?rest_route=\/wp\/v2\/posts\/23763","targetHints":{"allow":["GET"]}}],"collection":[{"href":"https:\/\/entretormentas.com\/index.php?rest_route=\/wp\/v2\/posts"}],"about":[{"href":"https:\/\/entretormentas.com\/index.php?rest_route=\/wp\/v2\/types\/post"}],"author":[{"embeddable":true,"href":"https:\/\/entretormentas.com\/index.php?rest_route=\/wp\/v2\/users\/2"}],"replies":[{"embeddable":true,"href":"https:\/\/entretormentas.com\/index.php?rest_route=%2Fwp%2Fv2%2Fcomments&post=23763"}],"version-history":[{"count":1,"href":"https:\/\/entretormentas.com\/index.php?rest_route=\/wp\/v2\/posts\/23763\/revisions"}],"predecessor-version":[{"id":23767,"href":"https:\/\/entretormentas.com\/index.php?rest_route=\/wp\/v2\/posts\/23763\/revisions\/23767"}],"wp:featuredmedia":[{"embeddable":true,"href":"https:\/\/entretormentas.com\/index.php?rest_route=\/wp\/v2\/media\/23766"}],"wp:attachment":[{"href":"https:\/\/entretormentas.com\/index.php?rest_route=%2Fwp%2Fv2%2Fmedia&parent=23763"}],"wp:term":[{"taxonomy":"category","embeddable":true,"href":"https:\/\/entretormentas.com\/index.php?rest_route=%2Fwp%2Fv2%2Fcategories&post=23763"},{"taxonomy":"post_tag","embeddable":true,"href":"https:\/\/entretormentas.com\/index.php?rest_route=%2Fwp%2Fv2%2Ftags&post=23763"}],"curies":[{"name":"wp","href":"https:\/\/api.w.org\/{rel}","templated":true}]}}