{"id":23768,"date":"2025-10-20T04:31:30","date_gmt":"2025-10-20T08:31:30","guid":{"rendered":"https:\/\/entretormentas.com\/?p=23768"},"modified":"2025-10-20T04:31:32","modified_gmt":"2025-10-20T08:31:32","slug":"este-martes-21-oct-alcaldia-de-maracaibo-impulsa-censo-para-comerciantes-del-casco-central","status":"publish","type":"post","link":"https:\/\/entretormentas.com\/este-martes-21-oct-alcaldia-de-maracaibo-impulsa-censo-para-comerciantes-del-casco-central\/","title":{"rendered":"\u00a1ESTE MARTES 21-OCT! Alcald\u00eda de Maracaibo impulsa censo para comerciantes del casco central"},"content":{"rendered":"\n<p><strong>ENTRE TORMENTAS. <\/strong>La Alcald\u00eda de Maracaibo, a trav\u00e9s del Servicio Desconcentrado Municipal de Administraci\u00f3n Tributaria (Sedemat), iniciar\u00e1 este martes 21 de octubre un censo dirigido a los comerciantes del casco central, con el prop\u00f3sito de organizar y regularizar la actividad econ\u00f3mica en zonas como Las Playitas, Las Pulgas y el Callej\u00f3n de los Pobres.<\/p>\n\n\n\n<p>El superintendente del Sedemat, \u00d3scar Urdaneta, explic\u00f3 que se han sostenido reuniones con comerciantes para coordinar esta jornada de registro y actualizaci\u00f3n de datos.<\/p>\n\n\n\n<p>Por su parte, Rafael Valcarcel, director del Instituto Municipal de Capacitaci\u00f3n y Educaci\u00f3n Ciudadana (IMCEC) y enlace de la Alcald\u00eda con los comerciantes formales e informales, inform\u00f3 que el censo se desarrollar\u00e1 por instrucciones del alcalde, Dr. Giancarlo Di Martino, con el acompa\u00f1amiento del equipo t\u00e9cnico del Sedemat.<\/p>\n\n\n\n<figure class=\"wp-block-image size-full\"><img fetchpriority=\"high\" decoding=\"async\" width=\"810\" height=\"761\" src=\"https:\/\/entretormentas.com\/wp-content\/uploads\/2025\/10\/censocen2.jpg\" alt=\"\" class=\"wp-image-23769\" srcset=\"https:\/\/entretormentas.com\/wp-content\/uploads\/2025\/10\/censocen2.jpg 810w, https:\/\/entretormentas.com\/wp-content\/uploads\/2025\/10\/censocen2-300x282.jpg 300w, https:\/\/entretormentas.com\/wp-content\/uploads\/2025\/10\/censocen2-768x722.jpg 768w\" sizes=\"(max-width: 810px) 100vw, 810px\" \/><\/figure>\n\n\n\n<p>\u201cEn el Callej\u00f3n de los Pobres ya se han contabilizado m\u00e1s de 1.333 comerciantes, quienes se est\u00e1n organizando para recibir a los funcionarios y actualizar su informaci\u00f3n, requisito fundamental para iniciar el pago de los impuestos municipales\u201d, se\u00f1al\u00f3 Valcarcel.<\/p>\n\n\n\n<p>Asimismo, indic\u00f3 que cada caso ser\u00e1 evaluado individualmente y contar\u00e1 con acuerdos de convenimiento aprobados por la Superintendencia, con el fin de incentivar el cumplimiento de las obligaciones tributarias.<\/p>\n\n\n\n<p><strong>PER\u00cdODO DEL CENSO<\/strong><br>El censo y la jornada de actualizaci\u00f3n se realizar\u00e1n desde el martes 21 hasta el viernes 24 de octubre, a partir de las 9:00 de la ma\u00f1ana, mediante un operativo organizado por tandas de trabajo y con el apoyo de la unidad m\u00f3vil del Sedemat.<\/p>\n\n\n\n<p>Valcarcel tambi\u00e9n destac\u00f3 que se est\u00e1n ejecutando actividades de inspecci\u00f3n y organizaci\u00f3n en diferentes mercados y zonas clave del centro de la ciudad, con el objetivo de actualizar el registro tributario y mejorar el orden comercial.<\/p>\n\n\n\n<p>\u201cEstas acciones forman parte de una estrategia de participaci\u00f3n activa entre la Alcald\u00eda y los comerciantes para consolidar un casco central ordenado y digno, capaz de recibir a m\u00e1s de 100 mil personas que transitan diariamente por la zona, especialmente durante la temporada decembrina\u201d, agreg\u00f3.<\/p>\n\n\n\n<p><strong>REHABILITAR LOS MERCADOS POPULARES<\/strong><br>El intendente Oscar Urdaneta anunci\u00f3 que la Alcald\u00eda tambi\u00e9n trabaja en un plan de rehabilitaci\u00f3n de los mercados populares, comenzando con los de Alto Jalisco y Corito, bajo la coordinaci\u00f3n de la licenciada Karen Fuenmayor.<\/p>\n\n\n\n<p>Este proyecto contempla la restauraci\u00f3n de infraestructuras, techos y ba\u00f1os, espacios que han permanecido deteriorados durante a\u00f1os.<br><strong><em>ET \/ Prensa Alcald\u00eda de Maracaibo<\/em><\/strong><\/p>\n\n\n\n<p><\/p>\n","protected":false},"excerpt":{"rendered":"<p>ENTRE TORMENTAS. La Alcald\u00eda de Maracaibo, a trav\u00e9s del Servicio Desconcentrado Municipal de Administraci\u00f3n Tributaria&#8230;<\/p>\n","protected":false},"author":2,"featured_media":23770,"comment_status":"closed","ping_status":"open","sticky":false,"template":"","format":"standard","meta":{"footnotes":""},"categories":[57,1],"tags":[],"class_list":["post-23768","post","type-post","status-publish","format-standard","has-post-thumbnail","hentry","category-actualidad","category-regionales"],"_links":{"self":[{"href":"https:\/\/entretormentas.com\/index.php?rest_route=\/wp\/v2\/posts\/23768","targetHints":{"allow":["GET"]}}],"collection":[{"href":"https:\/\/entretormentas.com\/index.php?rest_route=\/wp\/v2\/posts"}],"about":[{"href":"https:\/\/entretormentas.com\/index.php?rest_route=\/wp\/v2\/types\/post"}],"author":[{"embeddable":true,"href":"https:\/\/entretormentas.com\/index.php?rest_route=\/wp\/v2\/users\/2"}],"replies":[{"embeddable":true,"href":"https:\/\/entretormentas.com\/index.php?rest_route=%2Fwp%2Fv2%2Fcomments&post=23768"}],"version-history":[{"count":1,"href":"https:\/\/entretormentas.com\/index.php?rest_route=\/wp\/v2\/posts\/23768\/revisions"}],"predecessor-version":[{"id":23771,"href":"https:\/\/entretormentas.com\/index.php?rest_route=\/wp\/v2\/posts\/23768\/revisions\/23771"}],"wp:featuredmedia":[{"embeddable":true,"href":"https:\/\/entretormentas.com\/index.php?rest_route=\/wp\/v2\/media\/23770"}],"wp:attachment":[{"href":"https:\/\/entretormentas.com\/index.php?rest_route=%2Fwp%2Fv2%2Fmedia&parent=23768"}],"wp:term":[{"taxonomy":"category","embeddable":true,"href":"https:\/\/entretormentas.com\/index.php?rest_route=%2Fwp%2Fv2%2Fcategories&post=23768"},{"taxonomy":"post_tag","embeddable":true,"href":"https:\/\/entretormentas.com\/index.php?rest_route=%2Fwp%2Fv2%2Ftags&post=23768"}],"curies":[{"name":"wp","href":"https:\/\/api.w.org\/{rel}","templated":true}]}}