{"id":23772,"date":"2025-10-20T04:36:49","date_gmt":"2025-10-20T08:36:49","guid":{"rendered":"https:\/\/entretormentas.com\/?p=23772"},"modified":"2025-10-20T04:36:50","modified_gmt":"2025-10-20T08:36:50","slug":"en-su-77-aniversario-con-una-gran-fiesta-alcaldia-reinaugura-plaza-del-18-de-octubre","status":"publish","type":"post","link":"https:\/\/entretormentas.com\/en-su-77-aniversario-con-una-gran-fiesta-alcaldia-reinaugura-plaza-del-18-de-octubre\/","title":{"rendered":"\u00a1EN SU 77 ANIVERSARIO! Con una gran fiesta Alcald\u00eda reinaugura plaza del 18 de Octubre"},"content":{"rendered":"\n<p><strong>ENTRE TORMENTAS. <\/strong>Un regalo especial ofreci\u00f3 la Alcald\u00eda Bolivariana de Maracaibo a los vecinos del sector 18 de Octubre en la parroquia Coquivacoa en el 77 aniversario de su fundaci\u00f3n, al rehabilitar por completo y dejar reinaugurada, con una gran fiesta, la plaza de este popular sector del norte de la ciudad.<\/p>\n\n\n\n<p>Fue una alegre velada con encendido navide\u00f1o, lanzamiento de fuegos artificiales, gaitas interpretadas por los ni\u00f1os de la Escuela Jes\u00fas Bravo Gonz\u00e1lez, danzas folcl\u00f3ricas y la bendici\u00f3n de San Benito, que lleg\u00f3 en hombros del grupo Vasallos del Valle.<\/p>\n\n\n\n<p>A esta especial ocasi\u00f3n asisti\u00f3 el alcalde Giancarlo Di Martino, quien fue recibido con algarab\u00eda y muestras de cari\u00f1o por los vecinos que celebraban la noche del 18 de octubre la total recuperaci\u00f3n de su plaza tras muchos a\u00f1os de completo abandono.<\/p>\n\n\n\n<figure class=\"wp-block-image size-large\"><img fetchpriority=\"high\" decoding=\"async\" width=\"1024\" height=\"682\" src=\"https:\/\/entretormentas.com\/wp-content\/uploads\/2025\/10\/18placita2-1024x682.jpg\" alt=\"\" class=\"wp-image-23773\" srcset=\"https:\/\/entretormentas.com\/wp-content\/uploads\/2025\/10\/18placita2-1024x682.jpg 1024w, https:\/\/entretormentas.com\/wp-content\/uploads\/2025\/10\/18placita2-300x200.jpg 300w, https:\/\/entretormentas.com\/wp-content\/uploads\/2025\/10\/18placita2-768x512.jpg 768w, https:\/\/entretormentas.com\/wp-content\/uploads\/2025\/10\/18placita2.jpg 1280w\" sizes=\"(max-width: 1024px) 100vw, 1024px\" \/><\/figure>\n\n\n\n<p><strong>ESPACIOS DIGNOS<\/strong><br>\u201cEstamos entregando otra plaza arborizada, iluminada, con hermosos espacios, dignos, para que los ni\u00f1os puedan jugar con seguridad y los vecinos puedan compartir en familia\u201d, declar\u00f3 Di Martino en medio de los abrazos de los residentes.<\/p>\n\n\n\n<p>Los trabajos ejecutados en la plaza 18 de Octubre por el Servicio Desconcentrado de Plazas y Parques (Sedepar), adscrito a la Alcald\u00eda de Maracaibo, consistieron en: reparaci\u00f3n de bancas y elementos de concreto, demarcaci\u00f3n vial, restauraci\u00f3n de la parada de autobuses, colocaci\u00f3n de m\u00f3dulo de juegos infantiles, pintura de brocales, paredes, columnas, pedestales y vigas, arborizaci\u00f3n; as\u00ed como poda, limpieza y desmalezamiento. Toda una rehabilitaci\u00f3n integral realizada por la municipalidad marabina.<\/p>\n\n\n\n<p>\u201cSeguimos avanzando poco a poco, como lo prometimos en la campa\u00f1a, creando las condiciones para que la familia pueda sentirse tranquila con estos espacios deportivos, culturales y art\u00edsticos\u201d, destac\u00f3 Di Martino.<\/p>\n\n\n\n<p>El Alcalde, acompa\u00f1ado por la primera dama y directora de Desarrollo Social de la Alcald\u00eda, Ana Clara Barboza de Di Martino, destac\u00f3 que en este parque \u201cla gente puede ahora hacer deporte y compartir, con seguridad, que es lo m\u00e1s importante\u201d.<\/p>\n\n\n\n<p>En la ma\u00f1ana, la Alcald\u00eda Bolivariana de Maracaibo hab\u00eda hecho otro obsequio a los residentes de este sector de la parroquia Coquivacoa con la realizaci\u00f3n de una megajornada integral de mercados populares.<\/p>\n\n\n\n<p><strong>ALCALDE QUE RESUELVE<\/strong><br>Una de quienes salud\u00f3 con efusi\u00f3n y hasta bail\u00f3 con el Alcalde Di Martino fue la se\u00f1ora Yolanda Tirso, de 82 a\u00f1os. \u201cLos trabajos que hizo el alcalde en nuestra plaza me parecen magn\u00edficos, muy bellos\u201d, dijo despu\u00e9s de \u201cechar la baila\u00edta\u201d en medio de una alegr\u00eda contagiante la se\u00f1ora Yolanda, residente del 18 de Octubre durante m\u00e1s de medio siglo.<\/p>\n\n\n\n<figure class=\"wp-block-image size-large\"><img decoding=\"async\" width=\"1024\" height=\"683\" src=\"https:\/\/entretormentas.com\/wp-content\/uploads\/2025\/10\/18placita1-1024x683.jpg\" alt=\"\" class=\"wp-image-23774\" srcset=\"https:\/\/entretormentas.com\/wp-content\/uploads\/2025\/10\/18placita1-1024x683.jpg 1024w, https:\/\/entretormentas.com\/wp-content\/uploads\/2025\/10\/18placita1-300x200.jpg 300w, https:\/\/entretormentas.com\/wp-content\/uploads\/2025\/10\/18placita1-768x512.jpg 768w, https:\/\/entretormentas.com\/wp-content\/uploads\/2025\/10\/18placita1.jpg 1280w\" sizes=\"(max-width: 1024px) 100vw, 1024px\" \/><\/figure>\n\n\n\n<p>Otra que expres\u00f3 su alegr\u00eda por la recuperaci\u00f3n de la plaza fue Merlinda Ant\u00fanez, nacida en el sector Monte Claro. \u201cOrgullosa del gran trabajo que est\u00e1 haciendo nuestro alcalde Di Martino, poniendo a vivir de nuevo a nuestra parroquia, a toda nuestra ciudad, levantando el \u00e1nimo de la gente, que estaba deca\u00eddo. Por fin lleg\u00f3 otra vez el Alcalde que resuelve\u201d.<\/p>\n\n\n\n<p>Como parte de la celebraci\u00f3n en la plaza, el alcalde Giancalo Di Martino entreg\u00f3 medallas a los ni\u00f1os del equipo de f\u00fatbol sala \u201cGuerreros de Dios\u201d, del sector Altos de Jalisco. Los peque\u00f1ines quedaron campeones de un cuadrangular celebrado como parte de las actividades conmemorativas del 18 de Octubre, inform\u00f3 su entrenador, Ronald Azuaje.<\/p>\n\n\n\n<p>Tambi\u00e9n celebraba en la plaza el concejal Alexis Maduro. \u201cFestejamos no solo el d\u00eda de nuestra comunidad, sino que estamos de fiesta por la canonizaci\u00f3n de nuestros primeros santos venezolanos, Jos\u00e9 Gregorio Hern\u00e1ndez y la Madre Carmen Rendiles. A ellos le pedimos de todo coraz\u00f3n que llene de paz y bendiciones a nuestro pa\u00eds, que es tan asediado\u201d.<br><strong><em>ET \/ Prensa Alcald\u00eda de Maracaibo<\/em><\/strong><\/p>\n\n\n\n<p><\/p>\n","protected":false},"excerpt":{"rendered":"<p>ENTRE TORMENTAS. Un regalo especial ofreci\u00f3 la Alcald\u00eda Bolivariana de Maracaibo a los vecinos del&#8230;<\/p>\n","protected":false},"author":2,"featured_media":23775,"comment_status":"closed","ping_status":"open","sticky":false,"template":"","format":"standard","meta":{"footnotes":""},"categories":[57,1],"tags":[],"class_list":["post-23772","post","type-post","status-publish","format-standard","has-post-thumbnail","hentry","category-actualidad","category-regionales"],"_links":{"self":[{"href":"https:\/\/entretormentas.com\/index.php?rest_route=\/wp\/v2\/posts\/23772","targetHints":{"allow":["GET"]}}],"collection":[{"href":"https:\/\/entretormentas.com\/index.php?rest_route=\/wp\/v2\/posts"}],"about":[{"href":"https:\/\/entretormentas.com\/index.php?rest_route=\/wp\/v2\/types\/post"}],"author":[{"embeddable":true,"href":"https:\/\/entretormentas.com\/index.php?rest_route=\/wp\/v2\/users\/2"}],"replies":[{"embeddable":true,"href":"https:\/\/entretormentas.com\/index.php?rest_route=%2Fwp%2Fv2%2Fcomments&post=23772"}],"version-history":[{"count":1,"href":"https:\/\/entretormentas.com\/index.php?rest_route=\/wp\/v2\/posts\/23772\/revisions"}],"predecessor-version":[{"id":23776,"href":"https:\/\/entretormentas.com\/index.php?rest_route=\/wp\/v2\/posts\/23772\/revisions\/23776"}],"wp:featuredmedia":[{"embeddable":true,"href":"https:\/\/entretormentas.com\/index.php?rest_route=\/wp\/v2\/media\/23775"}],"wp:attachment":[{"href":"https:\/\/entretormentas.com\/index.php?rest_route=%2Fwp%2Fv2%2Fmedia&parent=23772"}],"wp:term":[{"taxonomy":"category","embeddable":true,"href":"https:\/\/entretormentas.com\/index.php?rest_route=%2Fwp%2Fv2%2Fcategories&post=23772"},{"taxonomy":"post_tag","embeddable":true,"href":"https:\/\/entretormentas.com\/index.php?rest_route=%2Fwp%2Fv2%2Ftags&post=23772"}],"curies":[{"name":"wp","href":"https:\/\/api.w.org\/{rel}","templated":true}]}}