{"id":23794,"date":"2025-10-20T04:55:12","date_gmt":"2025-10-20T08:55:12","guid":{"rendered":"https:\/\/entretormentas.com\/?p=23794"},"modified":"2025-10-20T04:55:13","modified_gmt":"2025-10-20T08:55:13","slug":"fin-de-20-anos-de-izquierda-el-centroderechista-rodrigo-paz-es-el-nuevo-presidente-de-bolivia","status":"publish","type":"post","link":"https:\/\/entretormentas.com\/fin-de-20-anos-de-izquierda-el-centroderechista-rodrigo-paz-es-el-nuevo-presidente-de-bolivia\/","title":{"rendered":"\u00a1FIN DE 20 A\u00d1OS DE IZQUIERDA! El centroderechista Rodrigo Paz es el nuevo presidente de Bolivia"},"content":{"rendered":"\n<p><strong>ENTRE TORMENTA. <\/strong>El senador de centroderecha Rodrigo Paz fue elegido este domingo presidente de Bolivia en un balotaje entre opciones de derecha que puso fin a 20 a\u00f1os de gobiernos de izquierda iniciados por Evo Morales.<\/p>\n\n\n\n<p>Rodrigo Paz, un economista de 58 a\u00f1os, suceder\u00e1 al presidente Luis Arce con la tarea de revertir la peor crisis de la econom\u00eda boliviana en cuatro d\u00e9cadas.<\/p>\n\n\n\n<p>Paz obtuvo 54,5 % de los votos contra 44,5 % de su rival, el exmandatario Jorge Quiroga, seg\u00fan el recuento oficial del Tribunal Supremo Electoral con m\u00e1s del 97 % de las actas computadas.<\/p>\n\n\n\n<p>\u00abEsto ya nos muestra una tendencia, un resultado que parece ser irreversible\u00bb, dijo \u00d3scar Hassenteufel, jefe de la autoridad electoral en conferencia de prensa.<\/p>\n\n\n\n<p>Paz, hijo del expresidente Jaime Paz Zamora (1989-1993), asumir\u00e1 la presidencia el 8 de noviembre. Ser\u00e1 el tercer miembro de su familia en alcanzar el m\u00e1ximo cargo de la naci\u00f3n, despu\u00e9s de su padre y su t\u00edo abuelo V\u00edctor Paz Estenssoro.<\/p>\n\n\n\n<p>Con su ascenso, Bolivia cierra un largo ciclo de socialismo iniciado en 2006 por Evo Morales y en el que se nacionalizaron los recursos naturales, se rompieron relaciones con Estados Unidos y se estrecharon lazos con potencias emergentes como China, Rusia e Ir\u00e1n y la izquierda latinoamericana.<\/p>\n\n\n\n<p>Bolivia tuvo muchos a\u00f1os de crecimiento, pero los buenos tiempos de la econom\u00eda terminaron hace rato ya. El Banco Mundial proyecta para el pa\u00eds sudamericano una recesi\u00f3n que durar\u00e1 al menos hasta 2027. La inflaci\u00f3n alcanz\u00f3 un 23% interanual en septiembre.<\/p>\n\n\n\n<p>\u00abSi el pueblo de Bolivia me da a m\u00ed la oportunidad de ser presidente (\u2026), mi formato es consensuar\u00bb, dijo la ma\u00f1ana de este domingo Paz en un centro de votaci\u00f3n en Tarija, al sur del pa\u00eds.<\/p>\n\n\n\n<p>El gobierno de Luis Arce agot\u00f3 casi todos los d\u00f3lares de sus reservas para sostener una pol\u00edtica de importaci\u00f3n de combustibles que se venden subsidiados en el mercado interno.<\/p>\n\n\n\n<p>\u00abSi quien sale vencedor no realiza medidas que vayan a apoyar al sector m\u00e1s vulnerable, eso puede desembocar en un estallido social\u00bb, dijo Daniela Osorio Michel, polit\u00f3loga del Instituto Alem\u00e1n de Estudios Globales y Regionales (Giga).<\/p>\n\n\n\n<figure class=\"wp-block-image size-full\"><img fetchpriority=\"high\" decoding=\"async\" width=\"677\" height=\"374\" src=\"https:\/\/entretormentas.com\/wp-content\/uploads\/2025\/10\/bolipaz3.jpg\" alt=\"\" class=\"wp-image-23795\" srcset=\"https:\/\/entretormentas.com\/wp-content\/uploads\/2025\/10\/bolipaz3.jpg 677w, https:\/\/entretormentas.com\/wp-content\/uploads\/2025\/10\/bolipaz3-300x166.jpg 300w\" sizes=\"(max-width: 677px) 100vw, 677px\" \/><\/figure>\n\n\n\n<p><strong>DOS V\u00cdAS<\/strong><br>Paz tendr\u00e1 la mayor bancada del parlamento, luego de conseguir sorpresivamente la votaci\u00f3n m\u00e1s alta en la primera vuelta. La segunda m\u00e1s numerosa ser\u00e1 la de Quiroga. Pero ninguno tendr\u00e1 mayor\u00eda y se ver\u00e1n obligados a llegar a acuerdos.<\/p>\n\n\n\n<p>Rodrigo Paz plantea una fuerte descentralizaci\u00f3n y un \u00abcapitalismo para todos\u00bb: un programa de formalizaci\u00f3n de la econom\u00eda, con reducci\u00f3n de impuestos y eliminaci\u00f3n de burocracia.<\/p>\n\n\n\n<p>No solicitar\u00e1 cr\u00e9ditos hasta reestructurar las finanzas internas, dice, a diferencia de su rival, que promet\u00eda un \u00abplan de salvataje\u00bb basado en multimillonarios pr\u00e9stamos internacionales.<\/p>\n\n\n\n<p>El presidente electo prometi\u00f3 en la campa\u00f1a fuertes recortes al gasto p\u00fablico, sobre todo a la subvenci\u00f3n de carburantes, algo que los especialistas aseguran que profundizar\u00e1 la crisis antes de salir a flote de nuevo.<\/p>\n\n\n\n<p><strong>FACTOR EVO<\/strong><br>El expresidente Evo Morales, que gobern\u00f3 en tres ocasiones consecutivas entre 2006 y 2019, no consigui\u00f3 inscribir su candidatura por un fallo judicial que prohibi\u00f3 m\u00e1s de una reelecci\u00f3n.<\/p>\n\n\n\n<p>Ahora est\u00e1 en la regi\u00f3n cocalera del Tr\u00f3pico de Cochabamba, protegido por una guardia ind\u00edgena de una orden de detenci\u00f3n por un caso de trata de una menor, cargo que \u00e9l rechaza.<\/p>\n\n\n\n<p>Desde all\u00ed impuls\u00f3 una breve campa\u00f1a por el voto nulo en la primera vuelta, que alcanz\u00f3 un pico hist\u00f3rico de 19,2%.<\/p>\n\n\n\n<p>Ambos candidatos \u00abrepresentan, en la segunda vuelta, a un pu\u00f1ado de personas en Bolivia, no representan al movimiento popular, menos al movimiento ind\u00edgena\u00bb, dijo este domingo Morales a la prensa.<\/p>\n\n\n\n<p>En una entrevista de agosto con la AFP asegur\u00f3 que permanecer\u00eda en el pa\u00eds para dar \u00abbatalla en las calles y en los caminos\u00bb si la derecha entraba al poder.<\/p>\n\n\n\n<p>Una crisis social puede ser un motivo para que \u00abel liderazgo de Evo Morales eventualmente resurja\u00bb, dice Osorio Michel.<br><strong><em>ET \/ AFP<\/em><\/strong><\/p>\n\n\n\n<p><\/p>\n","protected":false},"excerpt":{"rendered":"<p>ENTRE TORMENTA. El senador de centroderecha Rodrigo Paz fue elegido este domingo presidente de Bolivia&#8230;<\/p>\n","protected":false},"author":2,"featured_media":23796,"comment_status":"closed","ping_status":"open","sticky":false,"template":"","format":"standard","meta":{"footnotes":""},"categories":[56,48],"tags":[],"class_list":["post-23794","post","type-post","status-publish","format-standard","has-post-thumbnail","hentry","category-destacadas","category-internacionales"],"_links":{"self":[{"href":"https:\/\/entretormentas.com\/index.php?rest_route=\/wp\/v2\/posts\/23794","targetHints":{"allow":["GET"]}}],"collection":[{"href":"https:\/\/entretormentas.com\/index.php?rest_route=\/wp\/v2\/posts"}],"about":[{"href":"https:\/\/entretormentas.com\/index.php?rest_route=\/wp\/v2\/types\/post"}],"author":[{"embeddable":true,"href":"https:\/\/entretormentas.com\/index.php?rest_route=\/wp\/v2\/users\/2"}],"replies":[{"embeddable":true,"href":"https:\/\/entretormentas.com\/index.php?rest_route=%2Fwp%2Fv2%2Fcomments&post=23794"}],"version-history":[{"count":1,"href":"https:\/\/entretormentas.com\/index.php?rest_route=\/wp\/v2\/posts\/23794\/revisions"}],"predecessor-version":[{"id":23797,"href":"https:\/\/entretormentas.com\/index.php?rest_route=\/wp\/v2\/posts\/23794\/revisions\/23797"}],"wp:featuredmedia":[{"embeddable":true,"href":"https:\/\/entretormentas.com\/index.php?rest_route=\/wp\/v2\/media\/23796"}],"wp:attachment":[{"href":"https:\/\/entretormentas.com\/index.php?rest_route=%2Fwp%2Fv2%2Fmedia&parent=23794"}],"wp:term":[{"taxonomy":"category","embeddable":true,"href":"https:\/\/entretormentas.com\/index.php?rest_route=%2Fwp%2Fv2%2Fcategories&post=23794"},{"taxonomy":"post_tag","embeddable":true,"href":"https:\/\/entretormentas.com\/index.php?rest_route=%2Fwp%2Fv2%2Ftags&post=23794"}],"curies":[{"name":"wp","href":"https:\/\/api.w.org\/{rel}","templated":true}]}}