{"id":23803,"date":"2025-10-21T04:10:15","date_gmt":"2025-10-21T08:10:15","guid":{"rendered":"https:\/\/entretormentas.com\/?p=23803"},"modified":"2025-10-21T04:10:15","modified_gmt":"2025-10-21T08:10:15","slug":"desde-la-gobernacion-refuerzan-prevencion-en-el-mes-de-sensibilizacion-sobre-el-cancer-de-mama","status":"publish","type":"post","link":"https:\/\/entretormentas.com\/desde-la-gobernacion-refuerzan-prevencion-en-el-mes-de-sensibilizacion-sobre-el-cancer-de-mama\/","title":{"rendered":"\u00a1DESDE LA GOBERNACI\u00d3N! Refuerzan prevenci\u00f3n en el mes de sensibilizaci\u00f3n sobre el c\u00e1ncer de mama"},"content":{"rendered":"\n<p><strong>ENTRE TORMENTAS.<\/strong> A prop\u00f3sito del D\u00eda Mundial de la Lucha contra el C\u00e1ncer de Mama, que se conmemora cada 19 de octubre, y del mes de sensibilizaci\u00f3n sobre la enfermedad, la Gobernaci\u00f3n del Zulia, bajo el liderazgo del gobernador Luis Caldera, reafirma su compromiso con la salud y el bienestar de los zulianos, impulsando campa\u00f1as de prevenci\u00f3n, detecci\u00f3n temprana y atenci\u00f3n integral a trav\u00e9s de los diferentes programas sociales y de salud p\u00fablica.<\/p>\n\n\n\n<p>El Ejecutivo regional recuerda a la poblaci\u00f3n femenina y masculina la importancia de la detecci\u00f3n temprana, una de las herramientas m\u00e1s efectivas para reducir la mortalidad por esta enfermedad.<\/p>\n\n\n\n<p><strong>Entre las recomendaciones m\u00e1s importantes destacan:<\/strong><\/p>\n\n\n\n<ol class=\"wp-block-list\">\n<li>Autoexploraci\u00f3n mamaria mensual: realizarla entre el s\u00e9ptimo y d\u00e9cimo d\u00eda despu\u00e9s del inicio del per\u00edodo menstrual.<\/li>\n\n\n\n<li>Chequeos m\u00e9dicos anuales: acudir al especialista para ex\u00e1menes cl\u00ednicos y mamograf\u00edas, seg\u00fan la edad y antecedentes familiares.<\/li>\n\n\n\n<li>Mantener h\u00e1bitos saludables: alimentaci\u00f3n balanceada, ejercicio regular y evitar el consumo de tabaco y alcohol.<\/li>\n\n\n\n<li>Conocer los factores de riesgo: antecedentes familiares, cambios hormonales y exposici\u00f3n prolongada a estr\u00f3genos.<\/li>\n\n\n\n<li>Buscar apoyo emocional: el acompa\u00f1amiento familiar y psicol\u00f3gico fortalece la recuperaci\u00f3n y la calidad de vida.<\/li>\n<\/ol>\n\n\n\n<figure class=\"wp-block-image size-large\"><img fetchpriority=\"high\" decoding=\"async\" width=\"1024\" height=\"768\" src=\"https:\/\/entretormentas.com\/wp-content\/uploads\/2025\/10\/mamamia2-1024x768.jpg\" alt=\"\" class=\"wp-image-23804\" srcset=\"https:\/\/entretormentas.com\/wp-content\/uploads\/2025\/10\/mamamia2-1024x768.jpg 1024w, https:\/\/entretormentas.com\/wp-content\/uploads\/2025\/10\/mamamia2-300x225.jpg 300w, https:\/\/entretormentas.com\/wp-content\/uploads\/2025\/10\/mamamia2-768x576.jpg 768w, https:\/\/entretormentas.com\/wp-content\/uploads\/2025\/10\/mamamia2.jpg 1080w\" sizes=\"(max-width: 1024px) 100vw, 1024px\" \/><\/figure>\n\n\n\n<p>El Gobierno del Zulia reitera su llamado a la conciencia colectiva y a la solidaridad con las mujeres y hombres que enfrentan esta enfermedad, reafirmando que prevenir es vivir.<\/p>\n\n\n\n<p>Mantener campa\u00f1as educativas en materia de salud forma parte de los planes y misiones implementados por el presidente Nicol\u00e1s Maduro y la ministra del Poder Popular para la Salud, Magaly Guti\u00e9rrez.<\/p>\n\n\n\n<p>Lina Aguilera, coordinadora de la Red Oncol\u00f3gica del Zulia y la Farmacia de Alto Costo, destac\u00f3 que prevenir est\u00e1 relacionado, directamente, con h\u00e1bitos saludables que se deben fomentar desde el hogar, comenzando con una alimentaci\u00f3n balanceada y evitar el sedentarismo.<\/p>\n\n\n\n<p>\u00abEso ser\u00eda un gran avance para erradicar cualquier tipo de celularidad en las gl\u00e1ndulas mamarias\u00bb, resalt\u00f3 Aguilera.<\/p>\n\n\n\n<p>Como cada a\u00f1o, durante el mes de octubre, el Zulia tambi\u00e9n se viste de rosa para honrar la lucha de miles de mujeres valientes contra el c\u00e1ncer y promover una cultura de prevenci\u00f3n que salve vidas.<br><strong><em>ET \/ Nota de Prensa<\/em><\/strong><\/p>\n\n\n\n<p><\/p>\n","protected":false},"excerpt":{"rendered":"<p>ENTRE TORMENTAS. A prop\u00f3sito del D\u00eda Mundial de la Lucha contra el C\u00e1ncer de Mama,&#8230;<\/p>\n","protected":false},"author":2,"featured_media":23805,"comment_status":"closed","ping_status":"open","sticky":false,"template":"","format":"standard","meta":{"footnotes":""},"categories":[57,1],"tags":[],"class_list":["post-23803","post","type-post","status-publish","format-standard","has-post-thumbnail","hentry","category-actualidad","category-regionales"],"_links":{"self":[{"href":"https:\/\/entretormentas.com\/index.php?rest_route=\/wp\/v2\/posts\/23803","targetHints":{"allow":["GET"]}}],"collection":[{"href":"https:\/\/entretormentas.com\/index.php?rest_route=\/wp\/v2\/posts"}],"about":[{"href":"https:\/\/entretormentas.com\/index.php?rest_route=\/wp\/v2\/types\/post"}],"author":[{"embeddable":true,"href":"https:\/\/entretormentas.com\/index.php?rest_route=\/wp\/v2\/users\/2"}],"replies":[{"embeddable":true,"href":"https:\/\/entretormentas.com\/index.php?rest_route=%2Fwp%2Fv2%2Fcomments&post=23803"}],"version-history":[{"count":1,"href":"https:\/\/entretormentas.com\/index.php?rest_route=\/wp\/v2\/posts\/23803\/revisions"}],"predecessor-version":[{"id":23806,"href":"https:\/\/entretormentas.com\/index.php?rest_route=\/wp\/v2\/posts\/23803\/revisions\/23806"}],"wp:featuredmedia":[{"embeddable":true,"href":"https:\/\/entretormentas.com\/index.php?rest_route=\/wp\/v2\/media\/23805"}],"wp:attachment":[{"href":"https:\/\/entretormentas.com\/index.php?rest_route=%2Fwp%2Fv2%2Fmedia&parent=23803"}],"wp:term":[{"taxonomy":"category","embeddable":true,"href":"https:\/\/entretormentas.com\/index.php?rest_route=%2Fwp%2Fv2%2Fcategories&post=23803"},{"taxonomy":"post_tag","embeddable":true,"href":"https:\/\/entretormentas.com\/index.php?rest_route=%2Fwp%2Fv2%2Ftags&post=23803"}],"curies":[{"name":"wp","href":"https:\/\/api.w.org\/{rel}","templated":true}]}}