{"id":23807,"date":"2025-10-21T04:13:53","date_gmt":"2025-10-21T08:13:53","guid":{"rendered":"https:\/\/entretormentas.com\/?p=23807"},"modified":"2025-10-21T04:13:54","modified_gmt":"2025-10-21T08:13:54","slug":"en-solo-tres-semanas-plan-quirurgico-que-bien-te-ves-san-francisco-devuelve-la-vista-a-150-pacientes","status":"publish","type":"post","link":"https:\/\/entretormentas.com\/en-solo-tres-semanas-plan-quirurgico-que-bien-te-ves-san-francisco-devuelve-la-vista-a-150-pacientes\/","title":{"rendered":"\u00a1EN S\u00d3LO TRES SEMANAS! Plan Quir\u00fargico \u201c\u00a1Qu\u00e9 Bien Te Ves, San Francisco!\u201d devuelve la vista a 150 pacientes"},"content":{"rendered":"\n<p><strong>ENTRE TORMENTAS. <\/strong>El Plan Quir\u00fargico de Cataratas \u201c\u00a1Qu\u00e9 Bien Te Ves, San Francisco!\u201d contin\u00faa devolviendo la esperanza y la mirada a cientos de sanfranciscanos, consolid\u00e1ndose como una de las acciones m\u00e1s humanas y transformadoras que el Alcalde H\u00e9ctor Soto viene ejecutando desde el sistema p\u00fablico de salud del municipio sure\u00f1o.<\/p>\n\n\n\n<p>En apenas tres semanas de trabajo continuo, se han realizado 150 intervenciones quir\u00fargicas de manera gratuita, garantizando a cada paciente los ex\u00e1menes preoperatorios, los insumos m\u00e9dicos, el tratamiento postoperatorio y el seguimiento cl\u00ednico integral hasta su recuperaci\u00f3n total. Este trabajo de captaci\u00f3n y atenci\u00f3n se desarrolla en articulaci\u00f3n con la Direcci\u00f3n de Desarrollo Social de la Alcald\u00eda de San Francisco, que junto al personal m\u00e9dico coordina el registro y acompa\u00f1amiento de los beneficiarios.<\/p>\n\n\n\n<figure class=\"wp-block-image size-large\"><img fetchpriority=\"high\" decoding=\"async\" width=\"1024\" height=\"768\" src=\"https:\/\/entretormentas.com\/wp-content\/uploads\/2025\/10\/teves2-1024x768.jpg\" alt=\"\" class=\"wp-image-23808\" srcset=\"https:\/\/entretormentas.com\/wp-content\/uploads\/2025\/10\/teves2-1024x768.jpg 1024w, https:\/\/entretormentas.com\/wp-content\/uploads\/2025\/10\/teves2-300x225.jpg 300w, https:\/\/entretormentas.com\/wp-content\/uploads\/2025\/10\/teves2-768x576.jpg 768w, https:\/\/entretormentas.com\/wp-content\/uploads\/2025\/10\/teves2.jpg 1280w\" sizes=\"(max-width: 1024px) 100vw, 1024px\" \/><\/figure>\n\n\n\n<p>Las cirug\u00edas se desarrollan en la Cl\u00ednica Popular II \u201cEl Silencio\u201d, donde un equipo multidisciplinario trabaja con entrega y compromiso, reflejando el esp\u00edritu solidario de un modelo de gesti\u00f3n que prioriza al ser humano por encima de todo.<\/p>\n\n\n\n<p><strong>PLAN INTEGRAL GRATUITO<\/strong><br>La Autoridad \u00danica Municipal de Salud, Dr. Yohendry Luzardo, record\u00f3 que este programa de salud abarca una atenci\u00f3n integral gratuita que cubre los laboratorios y consultas preoperatorias, cirug\u00eda y cuidados postoperatorios.<\/p>\n\n\n\n<p>Este programa forma parte del Plan Cayapa de Salud y se enmarca dentro del 1&#215;10 del Buen Gobierno, herramienta impulsada por el Presidente Nicol\u00e1s Maduro Moros a trav\u00e9s de la VenApp, que permite canalizar los casos de salud desde las comunidades, garantizando atenci\u00f3n oportuna y directa al pueblo.<\/p>\n\n\n\n<p>Con el liderazgo del Alcalde Soto, el acompa\u00f1amiento del Gobernador Luis Caldera y en consonancia con las pol\u00edticas del Gobierno Bolivariano, San Francisco avanza en la construcci\u00f3n de un sistema de salud m\u00e1s justo, inclusivo y profundamente humano.<br><strong><em>ET \/ Prensa Alcald\u00eda de San Francisco<\/em><\/strong><\/p>\n","protected":false},"excerpt":{"rendered":"<p>ENTRE TORMENTAS. El Plan Quir\u00fargico de Cataratas \u201c\u00a1Qu\u00e9 Bien Te Ves, San Francisco!\u201d contin\u00faa devolviendo&#8230;<\/p>\n","protected":false},"author":2,"featured_media":23809,"comment_status":"closed","ping_status":"open","sticky":false,"template":"","format":"standard","meta":{"footnotes":""},"categories":[57,1],"tags":[],"class_list":["post-23807","post","type-post","status-publish","format-standard","has-post-thumbnail","hentry","category-actualidad","category-regionales"],"_links":{"self":[{"href":"https:\/\/entretormentas.com\/index.php?rest_route=\/wp\/v2\/posts\/23807","targetHints":{"allow":["GET"]}}],"collection":[{"href":"https:\/\/entretormentas.com\/index.php?rest_route=\/wp\/v2\/posts"}],"about":[{"href":"https:\/\/entretormentas.com\/index.php?rest_route=\/wp\/v2\/types\/post"}],"author":[{"embeddable":true,"href":"https:\/\/entretormentas.com\/index.php?rest_route=\/wp\/v2\/users\/2"}],"replies":[{"embeddable":true,"href":"https:\/\/entretormentas.com\/index.php?rest_route=%2Fwp%2Fv2%2Fcomments&post=23807"}],"version-history":[{"count":1,"href":"https:\/\/entretormentas.com\/index.php?rest_route=\/wp\/v2\/posts\/23807\/revisions"}],"predecessor-version":[{"id":23810,"href":"https:\/\/entretormentas.com\/index.php?rest_route=\/wp\/v2\/posts\/23807\/revisions\/23810"}],"wp:featuredmedia":[{"embeddable":true,"href":"https:\/\/entretormentas.com\/index.php?rest_route=\/wp\/v2\/media\/23809"}],"wp:attachment":[{"href":"https:\/\/entretormentas.com\/index.php?rest_route=%2Fwp%2Fv2%2Fmedia&parent=23807"}],"wp:term":[{"taxonomy":"category","embeddable":true,"href":"https:\/\/entretormentas.com\/index.php?rest_route=%2Fwp%2Fv2%2Fcategories&post=23807"},{"taxonomy":"post_tag","embeddable":true,"href":"https:\/\/entretormentas.com\/index.php?rest_route=%2Fwp%2Fv2%2Ftags&post=23807"}],"curies":[{"name":"wp","href":"https:\/\/api.w.org\/{rel}","templated":true}]}}