{"id":23811,"date":"2025-10-21T04:17:51","date_gmt":"2025-10-21T08:17:51","guid":{"rendered":"https:\/\/entretormentas.com\/?p=23811"},"modified":"2025-10-21T04:17:51","modified_gmt":"2025-10-21T08:17:51","slug":"en-cabimas-gobernador-caldera-acompana-inauguracion-de-zona-de-la-juventud-comunitaria","status":"publish","type":"post","link":"https:\/\/entretormentas.com\/en-cabimas-gobernador-caldera-acompana-inauguracion-de-zona-de-la-juventud-comunitaria\/","title":{"rendered":"\u00a1EN CABIMAS! Gobernador Caldera acompa\u00f1a inauguraci\u00f3n de Zona de la Juventud Comunitaria"},"content":{"rendered":"\n<p><strong>ENTRE TORMENTAS. <\/strong>Una zona de la Juventud Comunitaria en la Comuna Robert Serra 2018 de Cabimas, inaugur\u00f3 este lunes 13 de octubre el Gobernador del Zulia, Luis Caldera, dentro de la celebraci\u00f3n del 13 aniversario del Golpe de Tim\u00f3n, un discurso del presidente Hugo Ch\u00e1vez que marc\u00f3 un punto de inflexi\u00f3n en la Revoluci\u00f3n Bolivariana, centrada en la eficiencia y la transferencia del poder al pueblo.<\/p>\n\n\n\n<p>La obra es producto de un proyecto ganador en la Consulta Nacional de la Juventud, realizada el pasado 27 de julio y le ofrece a los j\u00f3venes de la Comuna Robert Serra 2018 espacios para la recreaci\u00f3n, formaci\u00f3n e innovaci\u00f3n.<\/p>\n\n\n\n<figure class=\"wp-block-image size-large\"><img fetchpriority=\"high\" decoding=\"async\" width=\"1024\" height=\"682\" src=\"https:\/\/entretormentas.com\/wp-content\/uploads\/2025\/10\/comulc2-1024x682.jpg\" alt=\"\" class=\"wp-image-23812\" srcset=\"https:\/\/entretormentas.com\/wp-content\/uploads\/2025\/10\/comulc2-1024x682.jpg 1024w, https:\/\/entretormentas.com\/wp-content\/uploads\/2025\/10\/comulc2-300x200.jpg 300w, https:\/\/entretormentas.com\/wp-content\/uploads\/2025\/10\/comulc2-768x512.jpg 768w, https:\/\/entretormentas.com\/wp-content\/uploads\/2025\/10\/comulc2.jpg 1280w\" sizes=\"(max-width: 1024px) 100vw, 1024px\" \/><\/figure>\n\n\n\n<p>El mandatario regional estuvo acompa\u00f1ado del Poder Popular, de j\u00f3venes comuneros y del alcalde del municipio Cabimas, Frank Carre\u00f1o; del director de Comunas del Zulia Heiderth Rojas y del director estadal del Consejo Federal de Gobierno en la entidad, Carlos Colina.<\/p>\n\n\n\n<p>All\u00ed inform\u00f3 que, en esta etapa de la Revoluci\u00f3n Bolivariana, en el Zulia se han culminado mil 947 obras por las comunas y los circuitos comunales, que corresponden a los primeros proyectos; mientras que en segundos proyectos se encuentran 451 en ejecuci\u00f3n.<\/p>\n\n\n\n<p>\u201cLa transferencia de recursos a trav\u00e9s del fondo de compensaci\u00f3n interterritorial nos iguala el pueblo ejecutando obras con eficiencia\u201d, expres\u00f3 el gobernador.<\/p>\n\n\n\n<p>El alcalde Frank Carre\u00f1o enfatiz\u00f3 que las comunas y el Poder Popular realizan grandes obras y tareas de servicio, donde los j\u00f3venes tambi\u00e9n crecen en el buen vivir con sus propios proyectos. \u201cEl Poder Popular es una herramienta para nosotros poder avanzar en los grandes proyectos\u201d, dijo.<\/p>\n\n\n\n<figure class=\"wp-block-image size-large\"><img decoding=\"async\" width=\"1024\" height=\"682\" src=\"https:\/\/entretormentas.com\/wp-content\/uploads\/2025\/10\/comulc3-1024x682.jpg\" alt=\"\" class=\"wp-image-23813\" srcset=\"https:\/\/entretormentas.com\/wp-content\/uploads\/2025\/10\/comulc3-1024x682.jpg 1024w, https:\/\/entretormentas.com\/wp-content\/uploads\/2025\/10\/comulc3-300x200.jpg 300w, https:\/\/entretormentas.com\/wp-content\/uploads\/2025\/10\/comulc3-768x512.jpg 768w, https:\/\/entretormentas.com\/wp-content\/uploads\/2025\/10\/comulc3.jpg 1280w\" sizes=\"(max-width: 1024px) 100vw, 1024px\" \/><\/figure>\n\n\n\n<p><strong>JUVENTUD COMUNERA<\/strong><br>La ni\u00f1a comunera, Eriangenis Caraballo, resalt\u00f3 que esta Zona de Juventud Comunitaria cuenta con \u00e1rea de inform\u00e1tica donde los ni\u00f1os, ni\u00f1as y j\u00f3venes podr\u00e1n investigar, hacer sus tareas escolares, tambi\u00e9n para su recreaci\u00f3n. Agradeci\u00f3 al presidente Nicol\u00e1s Maduro y al gobernador Caldera esta zona, un sue\u00f1o cumplido para los j\u00f3venes de ese espacio territorial cabimense, ubicado en la parroquia Ambrosio.<\/p>\n\n\n\n<p>El joven promotor de la Comuna Robert Serra 2018, Edward Medina, detall\u00f3 que en esta comuna hacen vida seis consejos comunales, m\u00e1s de 1.200 j\u00f3venes, quienes tienen ahora este lugar para la diversi\u00f3n, el disfrute, la formaci\u00f3n.<\/p>\n\n\n\n<p>Dio a conocer que se contempla establecer cursos con Inces Comunal en el \u00e1rea de la juventud; as\u00ed como llegar a la escuela p\u00fablica donde hay ni\u00f1os que no tienen capacidad de acceso en el \u00e1rea de la tecnolog\u00eda.<br><strong><em>ET \/ Nota de Prensa<\/em><\/strong><\/p>\n\n\n\n<p><\/p>\n","protected":false},"excerpt":{"rendered":"<p>ENTRE TORMENTAS. Una zona de la Juventud Comunitaria en la Comuna Robert Serra 2018 de&#8230;<\/p>\n","protected":false},"author":2,"featured_media":23814,"comment_status":"closed","ping_status":"open","sticky":false,"template":"","format":"standard","meta":{"footnotes":""},"categories":[57,1],"tags":[],"class_list":["post-23811","post","type-post","status-publish","format-standard","has-post-thumbnail","hentry","category-actualidad","category-regionales"],"_links":{"self":[{"href":"https:\/\/entretormentas.com\/index.php?rest_route=\/wp\/v2\/posts\/23811","targetHints":{"allow":["GET"]}}],"collection":[{"href":"https:\/\/entretormentas.com\/index.php?rest_route=\/wp\/v2\/posts"}],"about":[{"href":"https:\/\/entretormentas.com\/index.php?rest_route=\/wp\/v2\/types\/post"}],"author":[{"embeddable":true,"href":"https:\/\/entretormentas.com\/index.php?rest_route=\/wp\/v2\/users\/2"}],"replies":[{"embeddable":true,"href":"https:\/\/entretormentas.com\/index.php?rest_route=%2Fwp%2Fv2%2Fcomments&post=23811"}],"version-history":[{"count":1,"href":"https:\/\/entretormentas.com\/index.php?rest_route=\/wp\/v2\/posts\/23811\/revisions"}],"predecessor-version":[{"id":23815,"href":"https:\/\/entretormentas.com\/index.php?rest_route=\/wp\/v2\/posts\/23811\/revisions\/23815"}],"wp:featuredmedia":[{"embeddable":true,"href":"https:\/\/entretormentas.com\/index.php?rest_route=\/wp\/v2\/media\/23814"}],"wp:attachment":[{"href":"https:\/\/entretormentas.com\/index.php?rest_route=%2Fwp%2Fv2%2Fmedia&parent=23811"}],"wp:term":[{"taxonomy":"category","embeddable":true,"href":"https:\/\/entretormentas.com\/index.php?rest_route=%2Fwp%2Fv2%2Fcategories&post=23811"},{"taxonomy":"post_tag","embeddable":true,"href":"https:\/\/entretormentas.com\/index.php?rest_route=%2Fwp%2Fv2%2Ftags&post=23811"}],"curies":[{"name":"wp","href":"https:\/\/api.w.org\/{rel}","templated":true}]}}