{"id":23820,"date":"2025-10-21T04:25:07","date_gmt":"2025-10-21T08:25:07","guid":{"rendered":"https:\/\/entretormentas.com\/?p=23820"},"modified":"2025-10-21T04:25:07","modified_gmt":"2025-10-21T08:25:07","slug":"compromiso-y-prevencion-rio-rosa-recorre-calles-de-san-francisco-en-la-lucha-contra-el-cancer-de-mama","status":"publish","type":"post","link":"https:\/\/entretormentas.com\/compromiso-y-prevencion-rio-rosa-recorre-calles-de-san-francisco-en-la-lucha-contra-el-cancer-de-mama\/","title":{"rendered":"\u00a1COMPROMISO Y PREVENCI\u00d3N! R\u00edo rosa recorre calles de San Francisco en la lucha contra el c\u00e1ncer de mama"},"content":{"rendered":"\n<p><strong>ENTRE TORMENTAS.<\/strong> Miles de mujeres y hombres de San Francisco se sumaron este lunes 20 de octubre a la Gran Caminata 4K, que ti\u00f1\u00f3 de rosa las calles del municipio sure\u00f1o en el marco del D\u00eda Mundial contra el C\u00e1ncer de Mama.<\/p>\n\n\n\n<p>La actividad, encabezada por el Alcalde de San Francisco, H\u00e9ctor Soto, y la primera dama, Hilary Soto, se desarroll\u00f3 en un ambiente de alegr\u00eda, compromiso y uni\u00f3n. Estuvo orientada no solo a promover la prevenci\u00f3n y el diagn\u00f3stico oportuno, sino tambi\u00e9n a reafirmar el compromiso del gobierno municipal con las mujeres que enfrentan esta enfermedad, una de las principales causas de muerte oncol\u00f3gica entre la poblaci\u00f3n femenina.<\/p>\n\n\n\n<figure class=\"wp-block-image size-large\"><img fetchpriority=\"high\" decoding=\"async\" width=\"1024\" height=\"682\" src=\"https:\/\/entretormentas.com\/wp-content\/uploads\/2025\/10\/rosasur2-1024x682.jpg\" alt=\"\" class=\"wp-image-23821\" srcset=\"https:\/\/entretormentas.com\/wp-content\/uploads\/2025\/10\/rosasur2-1024x682.jpg 1024w, https:\/\/entretormentas.com\/wp-content\/uploads\/2025\/10\/rosasur2-300x200.jpg 300w, https:\/\/entretormentas.com\/wp-content\/uploads\/2025\/10\/rosasur2-768x512.jpg 768w, https:\/\/entretormentas.com\/wp-content\/uploads\/2025\/10\/rosasur2.jpg 1280w\" sizes=\"(max-width: 1024px) 100vw, 1024px\" \/><\/figure>\n\n\n\n<p>La caminata, organizada por la Alcald\u00eda de San Francisco, la Fundaci\u00f3n Dama del Sur (Damasur) y el sector privado, parti\u00f3 a las 5:30 de la tarde desde el sem\u00e1foro de Planta Cementos Mara, recorri\u00f3 la calle 158, la avenida 40 y parte de la avenida 171, hasta llegar a la sede del ayuntamiento sure\u00f1o, donde se realiz\u00f3 una bailoterapia y se presentaron agrupaciones musicales.<\/p>\n\n\n\n<p>El color rosa fue el distintivo de esta jornada llena de esperanza y amor, en la que participaron familias, amigos, ni\u00f1os, asociaciones y clubes deportivos. Los asistentes portaron camisetas, gorras y pa\u00f1uelos alusivos al color, adem\u00e1s de pancartas con mensajes de \u00e1nimo que exaltaban la valent\u00eda de quienes han enfrentado o superado la enfermedad.<\/p>\n\n\n\n<p>La actividad cont\u00f3 con el respaldo de funcionarios del Cuerpo de Polic\u00eda Nacional Bolivariana (CPNB), la Polic\u00eda Municipal de San Francisco (Polisur), la Direcci\u00f3n de Prevenci\u00f3n y Seguridad Ciudadana, as\u00ed como del Cuerpo de Bomberos y el Instituto Municipal de Salud (Imsasur), garantizando el resguardo y la seguridad de los ciudadanos durante todo el recorrido.<\/p>\n\n\n\n<figure class=\"wp-block-image size-large\"><img decoding=\"async\" width=\"1024\" height=\"682\" src=\"https:\/\/entretormentas.com\/wp-content\/uploads\/2025\/10\/rosasur3-1024x682.jpg\" alt=\"\" class=\"wp-image-23822\" srcset=\"https:\/\/entretormentas.com\/wp-content\/uploads\/2025\/10\/rosasur3-1024x682.jpg 1024w, https:\/\/entretormentas.com\/wp-content\/uploads\/2025\/10\/rosasur3-300x200.jpg 300w, https:\/\/entretormentas.com\/wp-content\/uploads\/2025\/10\/rosasur3-768x512.jpg 768w, https:\/\/entretormentas.com\/wp-content\/uploads\/2025\/10\/rosasur3.jpg 1280w\" sizes=\"(max-width: 1024px) 100vw, 1024px\" \/><\/figure>\n\n\n\n<p>Ver\u00f3nica Soto, paciente oncol\u00f3gica y habitante del municipio, expres\u00f3 su agradecimiento al alcalde H\u00e9ctor Soto por esta iniciativa que \u201cvisibiliza la lucha de muchas mujeres y nos hace sentir que no estamos solas\u201d. Por su parte, N\u00e9rida N\u00fa\u00f1ez, del sector San Felipe, manifest\u00f3 haberse sumado a la caminata por la importancia de reconocer esta enfermedad, \u201cque actualmente es curable si se detecta a tiempo\u201d.<\/p>\n\n\n\n<p><strong>G\u00c9NESIS PETIT<\/strong><br>Durante la jornada se conoci\u00f3 que, en los pr\u00f3ximos d\u00edas, la Alcald\u00eda de San Francisco inaugurar\u00e1 los trabajos de modernizaci\u00f3n del Oncol\u00f3gico G\u00e9nesis Petit, rehabilitaci\u00f3n enmarcada en el cuarto eje del plan de las Siete Transformaciones (7T) impulsado por el presidente Nicol\u00e1s Maduro, con el prop\u00f3sito de garantizar atenci\u00f3n m\u00e9dica gratuita y de calidad a quienes padecen enfermedades oncol\u00f3gicas dentro y fuera del municipio.<br><strong><em>ET \/ Prensa Alcald\u00eda de San Francisco<\/em><\/strong><\/p>\n","protected":false},"excerpt":{"rendered":"<p>ENTRE TORMENTAS. Miles de mujeres y hombres de San Francisco se sumaron este lunes 20&#8230;<\/p>\n","protected":false},"author":2,"featured_media":23823,"comment_status":"closed","ping_status":"open","sticky":false,"template":"","format":"standard","meta":{"footnotes":""},"categories":[57,1],"tags":[],"class_list":["post-23820","post","type-post","status-publish","format-standard","has-post-thumbnail","hentry","category-actualidad","category-regionales"],"_links":{"self":[{"href":"https:\/\/entretormentas.com\/index.php?rest_route=\/wp\/v2\/posts\/23820","targetHints":{"allow":["GET"]}}],"collection":[{"href":"https:\/\/entretormentas.com\/index.php?rest_route=\/wp\/v2\/posts"}],"about":[{"href":"https:\/\/entretormentas.com\/index.php?rest_route=\/wp\/v2\/types\/post"}],"author":[{"embeddable":true,"href":"https:\/\/entretormentas.com\/index.php?rest_route=\/wp\/v2\/users\/2"}],"replies":[{"embeddable":true,"href":"https:\/\/entretormentas.com\/index.php?rest_route=%2Fwp%2Fv2%2Fcomments&post=23820"}],"version-history":[{"count":1,"href":"https:\/\/entretormentas.com\/index.php?rest_route=\/wp\/v2\/posts\/23820\/revisions"}],"predecessor-version":[{"id":23824,"href":"https:\/\/entretormentas.com\/index.php?rest_route=\/wp\/v2\/posts\/23820\/revisions\/23824"}],"wp:featuredmedia":[{"embeddable":true,"href":"https:\/\/entretormentas.com\/index.php?rest_route=\/wp\/v2\/media\/23823"}],"wp:attachment":[{"href":"https:\/\/entretormentas.com\/index.php?rest_route=%2Fwp%2Fv2%2Fmedia&parent=23820"}],"wp:term":[{"taxonomy":"category","embeddable":true,"href":"https:\/\/entretormentas.com\/index.php?rest_route=%2Fwp%2Fv2%2Fcategories&post=23820"},{"taxonomy":"post_tag","embeddable":true,"href":"https:\/\/entretormentas.com\/index.php?rest_route=%2Fwp%2Fv2%2Ftags&post=23820"}],"curies":[{"name":"wp","href":"https:\/\/api.w.org\/{rel}","templated":true}]}}