{"id":23825,"date":"2025-10-21T04:29:31","date_gmt":"2025-10-21T08:29:31","guid":{"rendered":"https:\/\/entretormentas.com\/?p=23825"},"modified":"2025-10-21T04:29:32","modified_gmt":"2025-10-21T08:29:32","slug":"en-5-de-julio-con-delicias-alcalde-di-martino-inaugura-plaza-san-jose-gregorio-hernandez","status":"publish","type":"post","link":"https:\/\/entretormentas.com\/en-5-de-julio-con-delicias-alcalde-di-martino-inaugura-plaza-san-jose-gregorio-hernandez\/","title":{"rendered":"\u00a1EN 5 DE JULIO CON DELICIAS! Alcalde Di Martino inaugura Plaza San Jos\u00e9 Gregorio Hern\u00e1ndez"},"content":{"rendered":"\n<p><strong>ENTRE TORMENTAS.<\/strong> La Alcald\u00eda de Maracaibo en alianza con la empresa privada entreg\u00f3, este 20 de octubre, la Plaza Jos\u00e9 Gregorio Hern\u00e1ndez, ubicada en la intersecci\u00f3n de la calle 77 (5 de Julio) con Delicias, como parte del homenaje nacional por la canonizaci\u00f3n del primer santo venezolano, con una pieza elaborada por el arquitecto y escultor, Alejandro Von Hertzen.<\/p>\n\n\n\n<p>El alcalde de Maracaibo, Giancarlo Di Martino, a su llegada al acto, agradeci\u00f3 al sector privado su disposici\u00f3n para regalar espacios a la ciudad y a los marabinos.<br>Indic\u00f3 adem\u00e1s, \u201chemos recibido muchas bendiciones por estos d\u00edas, por nuestros dos santos venezolanos. Nuestra madre Carmen Rendiles tambi\u00e9n tendr\u00e1 su espacio\u201d, agreg\u00f3 el m\u00e1ximo jefe municipal durante el acto que cont\u00f3 con la presencia de Dani Tiveiro, en representaci\u00f3n de tiendas Daka.<\/p>\n\n\n\n<figure class=\"wp-block-image size-full\"><img fetchpriority=\"high\" decoding=\"async\" width=\"927\" height=\"581\" src=\"https:\/\/entretormentas.com\/wp-content\/uploads\/2025\/10\/plazajg2.jpg\" alt=\"\" class=\"wp-image-23826\" srcset=\"https:\/\/entretormentas.com\/wp-content\/uploads\/2025\/10\/plazajg2.jpg 927w, https:\/\/entretormentas.com\/wp-content\/uploads\/2025\/10\/plazajg2-300x188.jpg 300w, https:\/\/entretormentas.com\/wp-content\/uploads\/2025\/10\/plazajg2-768x481.jpg 768w, https:\/\/entretormentas.com\/wp-content\/uploads\/2025\/10\/plazajg2-800x500.jpg 800w, https:\/\/entretormentas.com\/wp-content\/uploads\/2025\/10\/plazajg2-400x250.jpg 400w\" sizes=\"(max-width: 927px) 100vw, 927px\" \/><\/figure>\n\n\n\n<p><strong>TRIBUTO A LA FE Y A LA DEVOCI\u00d3N<\/strong><br>La bendici\u00f3n de la nueva plaza estuvo a cargo del padre Carlos Quiva, de la parroquia Santa Mariana de Jes\u00fas, pastoral familiar de la Arquidi\u00f3cesis de Maracaibo, quien indic\u00f3 \u201cJos\u00e9 Gregorio Hern\u00e1ndez nos une desde la fe, desde el amor, como modelo de cristiano y modelo de santidad. Igual la madre Carmen Rendiles, santa venezolana, educadora, modelo de fe, ambos nos invitan a llenarnos de esperanza y nos muestran que la santidad es posible\u201d, afirm\u00f3.<\/p>\n\n\n\n<p>En medio de aplausos, oraciones y cantos fue develada la estatua de Jos\u00e9 Gregorio Hern\u00e1ndez, por el<br>alcalde Di Martino, acompa\u00f1ado por Arnoldo Olivares, director general de la alcald\u00eda y por Dani Tiveiro, de la empresa Daka,<br>convirti\u00e9ndose este espacio en un s\u00edmbolo de esperanza y unidad de los marabinos en homenaje al primer santo venezolano.<\/p>\n\n\n\n<p><strong>REHABILITACI\u00d3N INTEGRAL<\/strong><br>Durante dos meses, la Alcald\u00eda de Maracaibo, a trav\u00e9s del Servicio Desconcentrado de Plazas y Parques (Sedepar), ejecut\u00f3 una serie de trabajos que transformaron el espacio en un punto de referencia para la ciudad, seg\u00fan inform\u00f3 Namik Torres, director general de este ente municipal.<\/p>\n\n\n\n<figure class=\"wp-block-image size-large\"><img decoding=\"async\" width=\"1024\" height=\"700\" src=\"https:\/\/entretormentas.com\/wp-content\/uploads\/2025\/10\/plazajg3-1024x700.jpg\" alt=\"\" class=\"wp-image-23827\" srcset=\"https:\/\/entretormentas.com\/wp-content\/uploads\/2025\/10\/plazajg3-1024x700.jpg 1024w, https:\/\/entretormentas.com\/wp-content\/uploads\/2025\/10\/plazajg3-300x205.jpg 300w, https:\/\/entretormentas.com\/wp-content\/uploads\/2025\/10\/plazajg3-768x525.jpg 768w, https:\/\/entretormentas.com\/wp-content\/uploads\/2025\/10\/plazajg3.jpg 1080w\" sizes=\"(max-width: 1024px) 100vw, 1024px\" \/><\/figure>\n\n\n\n<p>Las labores incluyeron la construcci\u00f3n de caminer\u00edas y brocales de concreto, colocaci\u00f3n de hitos viales, instalaci\u00f3n de una estatua conmemorativa, siembra ornamental con gota de oro, pintura general, colocaci\u00f3n de grama artificial, instalaci\u00f3n de reflectores LED con cableado y acometida provisional, as\u00ed como la colocaci\u00f3n de una placa acr\u00edlica identificativa agreg\u00f3 Torres.<\/p>\n\n\n\n<p><strong>ALIANZA ALCALD\u00cdA-SECTOR PRIVADO<\/strong><br>Por su parte, Cristian G\u00f3mez, director de Instituciones Religiosas de la Alcald\u00eda Bolivariana de Maracaibo, destac\u00f3 la alianza entre municipalidad y sector privado, \u201choy estamos aqu\u00ed en 5 de Julio con Delicias, para inaugurar este espacio semaforizado y con el proyecto de un corredor vial, una obra gracias al alcalde Giancarlo Di Martino en trabajo conjunto con la empresa privada a trav\u00e9s de Daka. Nuestro alcalde logr\u00f3 trabajar en equipo\u201d.<\/p>\n\n\n\n<p>Adelant\u00f3 que, como direcci\u00f3n adscrita a la alcald\u00eda, trabajan de la mano con el p\u00e1rroco de la Bas\u00edlica Nuestra Se\u00f1ora de Chiquinquir\u00e1, Nedward Andrade, para afinar detalles de lo que ser\u00e1 la tradicional Bajada de Nuestra Se\u00f1ora de Chiquinquir\u00e1.<br><strong><em>ET \/ Prensa Alcald\u00eda de Maracaibo<\/em><\/strong><\/p>\n\n\n\n<p><\/p>\n","protected":false},"excerpt":{"rendered":"<p>ENTRE TORMENTAS. La Alcald\u00eda de Maracaibo en alianza con la empresa privada entreg\u00f3, este 20&#8230;<\/p>\n","protected":false},"author":2,"featured_media":23828,"comment_status":"closed","ping_status":"open","sticky":false,"template":"","format":"standard","meta":{"footnotes":""},"categories":[57,1],"tags":[],"class_list":["post-23825","post","type-post","status-publish","format-standard","has-post-thumbnail","hentry","category-actualidad","category-regionales"],"_links":{"self":[{"href":"https:\/\/entretormentas.com\/index.php?rest_route=\/wp\/v2\/posts\/23825","targetHints":{"allow":["GET"]}}],"collection":[{"href":"https:\/\/entretormentas.com\/index.php?rest_route=\/wp\/v2\/posts"}],"about":[{"href":"https:\/\/entretormentas.com\/index.php?rest_route=\/wp\/v2\/types\/post"}],"author":[{"embeddable":true,"href":"https:\/\/entretormentas.com\/index.php?rest_route=\/wp\/v2\/users\/2"}],"replies":[{"embeddable":true,"href":"https:\/\/entretormentas.com\/index.php?rest_route=%2Fwp%2Fv2%2Fcomments&post=23825"}],"version-history":[{"count":1,"href":"https:\/\/entretormentas.com\/index.php?rest_route=\/wp\/v2\/posts\/23825\/revisions"}],"predecessor-version":[{"id":23829,"href":"https:\/\/entretormentas.com\/index.php?rest_route=\/wp\/v2\/posts\/23825\/revisions\/23829"}],"wp:featuredmedia":[{"embeddable":true,"href":"https:\/\/entretormentas.com\/index.php?rest_route=\/wp\/v2\/media\/23828"}],"wp:attachment":[{"href":"https:\/\/entretormentas.com\/index.php?rest_route=%2Fwp%2Fv2%2Fmedia&parent=23825"}],"wp:term":[{"taxonomy":"category","embeddable":true,"href":"https:\/\/entretormentas.com\/index.php?rest_route=%2Fwp%2Fv2%2Fcategories&post=23825"},{"taxonomy":"post_tag","embeddable":true,"href":"https:\/\/entretormentas.com\/index.php?rest_route=%2Fwp%2Fv2%2Ftags&post=23825"}],"curies":[{"name":"wp","href":"https:\/\/api.w.org\/{rel}","templated":true}]}}