{"id":23830,"date":"2025-10-21T04:39:49","date_gmt":"2025-10-21T08:39:49","guid":{"rendered":"https:\/\/entretormentas.com\/?p=23830"},"modified":"2025-10-21T04:39:50","modified_gmt":"2025-10-21T08:39:50","slug":"alcalde-di-martino-a-nuestros-santos-les-pedimos-paz-para-el-mundo","status":"publish","type":"post","link":"https:\/\/entretormentas.com\/alcalde-di-martino-a-nuestros-santos-les-pedimos-paz-para-el-mundo\/","title":{"rendered":"ALCALDE DI MARTINO: \u201cA nuestros santos les pedimos paz para el mundo\u201d"},"content":{"rendered":"\n<p><strong>ENTRE TORMENTAS. <\/strong>\u201cA nuestros santos les pedimos la paz para el mundo. Quienes han vivido en guerra y quienes no la hemos vivido, anhelamos la paz. Somos libres por naturaleza y tenemos un legado de nuestro Libertador, quien gener\u00f3 paz, al igual que nuestro comandante eterno Hugo Ch\u00e1vez Fr\u00edas\u201d.<\/p>\n\n\n\n<p>As\u00ed lo expres\u00f3 la noche de este lunes 20 de octubre, el alcalde de Maracaibo, Giancarlo Di Martino, durante la inauguraci\u00f3n de la plaza San Jos\u00e9 Gregorio Hern\u00e1ndez, en 5 de Julio con Delicias, obra realizada en sinergia alcald\u00eda y sector privado.<\/p>\n\n\n\n<figure class=\"wp-block-image size-large\"><img fetchpriority=\"high\" decoding=\"async\" width=\"1024\" height=\"950\" src=\"https:\/\/entretormentas.com\/wp-content\/uploads\/2025\/10\/dimaj2-1024x950.jpg\" alt=\"\" class=\"wp-image-23831\" srcset=\"https:\/\/entretormentas.com\/wp-content\/uploads\/2025\/10\/dimaj2-1024x950.jpg 1024w, https:\/\/entretormentas.com\/wp-content\/uploads\/2025\/10\/dimaj2-300x278.jpg 300w, https:\/\/entretormentas.com\/wp-content\/uploads\/2025\/10\/dimaj2-768x713.jpg 768w, https:\/\/entretormentas.com\/wp-content\/uploads\/2025\/10\/dimaj2.jpg 1080w\" sizes=\"(max-width: 1024px) 100vw, 1024px\" \/><\/figure>\n\n\n\n<p><strong>VENEZUELA EXPORTADORA DE PAZ<\/strong><br>El m\u00e1ximo jefe municipal record\u00f3 que, \u201clos venezolanos somos exportadores de paz. Es una conjunci\u00f3n que nace del coraz\u00f3n de nuestro pueblo, somos gente de paz\u201d, afirm\u00f3.<\/p>\n\n\n\n<p>Durante el acto inaugural del nuevo espacio ubicado en una de las m\u00e1s emblem\u00e1ticas esquinas de la ciudad, el alcalde destac\u00f3 el trabajo con el sector privado, \u201cuno de los compromisos que ten\u00edamos que consolidar era la confianza en las empresas para invertir, dar empleo y, tengo que decirlo con toda responsabilidad, esta obra es de la empresa Daka, que aport\u00f3 este espacio para la ciudad; esta esquina ya no solo es productiva, sino tambi\u00e9n espiritual\u201d, dijo el jefe municipal.<\/p>\n\n\n\n<figure class=\"wp-block-image size-large\"><img decoding=\"async\" width=\"768\" height=\"1024\" src=\"https:\/\/entretormentas.com\/wp-content\/uploads\/2025\/10\/dimaj3-768x1024.jpg\" alt=\"\" class=\"wp-image-23832\" srcset=\"https:\/\/entretormentas.com\/wp-content\/uploads\/2025\/10\/dimaj3-768x1024.jpg 768w, https:\/\/entretormentas.com\/wp-content\/uploads\/2025\/10\/dimaj3-225x300.jpg 225w, https:\/\/entretormentas.com\/wp-content\/uploads\/2025\/10\/dimaj3.jpg 960w\" sizes=\"(max-width: 768px) 100vw, 768px\" \/><\/figure>\n\n\n\n<p><strong>OTRA PLAZA PARA SAN JOS\u00c9 GREGORIO<\/strong><br>El Alcalde record\u00f3 adem\u00e1s, que ya trabajan en otra plaza tambi\u00e9n en honor a San Jos\u00e9 Gregorio Hern\u00e1ndez, en la Facultad de Medicina de la Universidad del Zulia lugar que, augur\u00f3, ser\u00e1 un santuario en el que convergen la ciencia, la medicina, el amor y la m\u00edstica de trabajo.<\/p>\n\n\n\n<p>Di Martino agradeci\u00f3 la disposici\u00f3n de la empresa privada y reiter\u00f3 la voluntad por parte de la municipalidad de seguir con el apalancamiento y trabajo en conjunto; \u201cvolveremos al sitial en el que estuvo Maracaibo, como la primera ciudad de Venezuela\u201d, afirm\u00f3.<\/p>\n\n\n\n<p>Esta plaza se suma al proyecto integral de la alcald\u00eda en la recuperaci\u00f3n de espacios y parques, para darle un nuevo rostro a la ciudad.<br><strong><em>ET \/ Prensa Alcald\u00eda de Maracaibo<\/em><\/strong><\/p>\n\n\n\n<p><\/p>\n","protected":false},"excerpt":{"rendered":"<p>ENTRE TORMENTAS. \u201cA nuestros santos les pedimos la paz para el mundo. Quienes han vivido&#8230;<\/p>\n","protected":false},"author":2,"featured_media":23833,"comment_status":"closed","ping_status":"open","sticky":false,"template":"","format":"standard","meta":{"footnotes":""},"categories":[57,1],"tags":[],"class_list":["post-23830","post","type-post","status-publish","format-standard","has-post-thumbnail","hentry","category-actualidad","category-regionales"],"_links":{"self":[{"href":"https:\/\/entretormentas.com\/index.php?rest_route=\/wp\/v2\/posts\/23830","targetHints":{"allow":["GET"]}}],"collection":[{"href":"https:\/\/entretormentas.com\/index.php?rest_route=\/wp\/v2\/posts"}],"about":[{"href":"https:\/\/entretormentas.com\/index.php?rest_route=\/wp\/v2\/types\/post"}],"author":[{"embeddable":true,"href":"https:\/\/entretormentas.com\/index.php?rest_route=\/wp\/v2\/users\/2"}],"replies":[{"embeddable":true,"href":"https:\/\/entretormentas.com\/index.php?rest_route=%2Fwp%2Fv2%2Fcomments&post=23830"}],"version-history":[{"count":1,"href":"https:\/\/entretormentas.com\/index.php?rest_route=\/wp\/v2\/posts\/23830\/revisions"}],"predecessor-version":[{"id":23834,"href":"https:\/\/entretormentas.com\/index.php?rest_route=\/wp\/v2\/posts\/23830\/revisions\/23834"}],"wp:featuredmedia":[{"embeddable":true,"href":"https:\/\/entretormentas.com\/index.php?rest_route=\/wp\/v2\/media\/23833"}],"wp:attachment":[{"href":"https:\/\/entretormentas.com\/index.php?rest_route=%2Fwp%2Fv2%2Fmedia&parent=23830"}],"wp:term":[{"taxonomy":"category","embeddable":true,"href":"https:\/\/entretormentas.com\/index.php?rest_route=%2Fwp%2Fv2%2Fcategories&post=23830"},{"taxonomy":"post_tag","embeddable":true,"href":"https:\/\/entretormentas.com\/index.php?rest_route=%2Fwp%2Fv2%2Ftags&post=23830"}],"curies":[{"name":"wp","href":"https:\/\/api.w.org\/{rel}","templated":true}]}}