{"id":23835,"date":"2025-10-21T04:42:22","date_gmt":"2025-10-21T08:42:22","guid":{"rendered":"https:\/\/entretormentas.com\/?p=23835"},"modified":"2025-10-21T04:42:23","modified_gmt":"2025-10-21T08:42:23","slug":"miembro-de-unt-denuncian-detencion-de-un-dirigente-politico-en-ceremonia-de-canonizacion-en-trujillo","status":"publish","type":"post","link":"https:\/\/entretormentas.com\/miembro-de-unt-denuncian-detencion-de-un-dirigente-politico-en-ceremonia-de-canonizacion-en-trujillo\/","title":{"rendered":"\u00a1MIEMBRO DE UNT! Denuncian detenci\u00f3n de un dirigente pol\u00edtico en ceremonia de canonizaci\u00f3n en Trujillo"},"content":{"rendered":"\n<p><strong>ENTRE TORMENTAS. <\/strong>La organizaci\u00f3n pol\u00edtica Vente Venezuela denunci\u00f3 durante este lunes 20 de octubre la detenci\u00f3n de un dirigente pol\u00edtico de Un Nuevo Tiempo (UNT) por parte de funcionarios del Servicio Bolivariano de Inteligencia Nacional (Sebin) en el estado Trujillo.<\/p>\n\n\n\n<p>Mediante sus redes sociales, detallaron que el dirigente encarcelado es Yorbin Garc\u00eda y fue detenido mientras se encontraba en el Santuario Ni\u00f1o Jes\u00fas de Isnot\u00fa, en la ceremonia de celebraci\u00f3n por la canonizaci\u00f3n del doctor Jos\u00e9 Gregorio Hern\u00e1ndez.<\/p>\n\n\n\n<p>\u201cEsbirros al servicio de la tiran\u00eda, amenazaron a las personas que estaban junto a \u00e9l, les robaron sus celulares y se lo llevaron a la fuerza\u201d, escribi\u00f3 al tiempo que agreg\u00f3 que sus familiares desconocen el paradero de Garc\u00eda.<\/p>\n\n\n\n<p>A\u00f1adi\u00f3 que esta aprehensi\u00f3n aumenta la lista de presos pol\u00edticos que registra la administraci\u00f3n de Maduro y los \u201ccr\u00edmenes de lesa humanidad perpetrados por Maduro\u201d.<br><strong><em>ET \/ Contrapunto<\/em><\/strong><\/p>\n","protected":false},"excerpt":{"rendered":"<p>ENTRE TORMENTAS. La organizaci\u00f3n pol\u00edtica Vente Venezuela denunci\u00f3 durante este lunes 20 de octubre la&#8230;<\/p>\n","protected":false},"author":2,"featured_media":23836,"comment_status":"closed","ping_status":"open","sticky":false,"template":"","format":"standard","meta":{"footnotes":""},"categories":[56,49],"tags":[],"class_list":["post-23835","post","type-post","status-publish","format-standard","has-post-thumbnail","hentry","category-destacadas","category-nacionales"],"_links":{"self":[{"href":"https:\/\/entretormentas.com\/index.php?rest_route=\/wp\/v2\/posts\/23835","targetHints":{"allow":["GET"]}}],"collection":[{"href":"https:\/\/entretormentas.com\/index.php?rest_route=\/wp\/v2\/posts"}],"about":[{"href":"https:\/\/entretormentas.com\/index.php?rest_route=\/wp\/v2\/types\/post"}],"author":[{"embeddable":true,"href":"https:\/\/entretormentas.com\/index.php?rest_route=\/wp\/v2\/users\/2"}],"replies":[{"embeddable":true,"href":"https:\/\/entretormentas.com\/index.php?rest_route=%2Fwp%2Fv2%2Fcomments&post=23835"}],"version-history":[{"count":1,"href":"https:\/\/entretormentas.com\/index.php?rest_route=\/wp\/v2\/posts\/23835\/revisions"}],"predecessor-version":[{"id":23837,"href":"https:\/\/entretormentas.com\/index.php?rest_route=\/wp\/v2\/posts\/23835\/revisions\/23837"}],"wp:featuredmedia":[{"embeddable":true,"href":"https:\/\/entretormentas.com\/index.php?rest_route=\/wp\/v2\/media\/23836"}],"wp:attachment":[{"href":"https:\/\/entretormentas.com\/index.php?rest_route=%2Fwp%2Fv2%2Fmedia&parent=23835"}],"wp:term":[{"taxonomy":"category","embeddable":true,"href":"https:\/\/entretormentas.com\/index.php?rest_route=%2Fwp%2Fv2%2Fcategories&post=23835"},{"taxonomy":"post_tag","embeddable":true,"href":"https:\/\/entretormentas.com\/index.php?rest_route=%2Fwp%2Fv2%2Ftags&post=23835"}],"curies":[{"name":"wp","href":"https:\/\/api.w.org\/{rel}","templated":true}]}}