{"id":23838,"date":"2025-10-21T04:44:32","date_gmt":"2025-10-21T08:44:32","guid":{"rendered":"https:\/\/entretormentas.com\/?p=23838"},"modified":"2025-10-21T04:44:33","modified_gmt":"2025-10-21T08:44:33","slug":"nicolas-maduro-baltazar-porras-conspiro-contra-la-canonizacion-de-jose-gregorio","status":"publish","type":"post","link":"https:\/\/entretormentas.com\/nicolas-maduro-baltazar-porras-conspiro-contra-la-canonizacion-de-jose-gregorio\/","title":{"rendered":"NICOL\u00c1S MADURO: \u00abBaltazar Porras conspir\u00f3 contra la canonizaci\u00f3n de Jos\u00e9 Gregorio\u00bb"},"content":{"rendered":"\n<p><strong>ENTRE TORMENTAS. <\/strong>El presidente Nicol\u00e1s Maduro acus\u00f3 al Cardenal Baltazar Porras de conspirar junto a su cofrad\u00eda contra la canonizaci\u00f3n de Jos\u00e9 Gregorio Hern\u00e1ndez. La aseveraci\u00f3n la hizo durante el acto de inauguraci\u00f3n de la llamada Sala de autogobierno de la Comuna Las 8 Ra\u00edces, ubicada en el sector Los Mecedores en la parroquia Sucre de Caracas.<\/p>\n\n\n\n<p>\u00abEl Monse\u00f1or Porras dedic\u00f3 toda su vida a frenar la santificaci\u00f3n del santo de los pobres, pero fue derrotado por Dios, a pesar de los tuyos y de tu cofrad\u00eda\u00bb, sentenci\u00f3 el primer mandatario, dirigi\u00e9ndose al cardenal venezolano.<\/p>\n\n\n\n<p>Maduro asegura que \u00absabe mucho m\u00e1s del caso\u00bb. Asegura que el proceso de canonizaci\u00f3n del santo de los pobres fue saboteado durante muchos a\u00f1os por estos grupos.<\/p>\n\n\n\n<p>Record\u00f3 que el inicio del proceso de canonizaci\u00f3n de Jos\u00e9 Gregorio Hern\u00e1ndez empez\u00f3 en el a\u00f1o 1949 a 1957, \u00abpero la curia conspir\u00f3 para frenarlo. Baltazar Porras dedic\u00f3 su vida a ello\u00bb, insisti\u00f3.<\/p>\n\n\n\n<p>La canonizaci\u00f3n del M\u00e9dico de los Pobres se concret\u00f3 a pesar de la oposici\u00f3n interna y el pueblo tiene que saberlo. \u00abPero tenemos a San Jos\u00e9 Gregorio Hern\u00e1ndez, muy a pesar de Baltazar Porras y su cofrad\u00eda\u00bb, dijo. \u00abPero hoy, Venezuela est\u00e1 feliz porque ahora tenemos a nuestros dos Santos, Jos\u00e9 Gregorio Hern\u00e1ndez y la Madre Carmen Rendiles\u00bb, dijo.<\/p>\n\n\n\n<p>Sin embargo, asegura que cree mucho en la nueva generaci\u00f3n de curas. Seguidamente record\u00f3 que fue \u00e9l quien le cont\u00f3 muchas cosas sobre la fe de los venezolanos en Jos\u00e9 Gregorio, al Papa Francisco, cuando en el a\u00f1o 2013 le llev\u00f3 una imagen del Santo de los pobres realizada por unos artistas trujillanos.<\/p>\n\n\n\n<p>\u00abDec\u00edan que no hab\u00eda un milagro que certificara la santidad de Jos\u00e9 Gregorio. Bueno, vayan a la Candelaria y pregunten all\u00e1 a los devotos, miles de experiencias van a encontrar, verdaderos actos de fe\u00bb, expres\u00f3.<\/p>\n\n\n\n<p>\u00abEl doctor es el fundador de la medicina social y solidaria, humanista. Nuestro gran San Jos\u00e9 Gregorio Hern\u00e1ndez, ha sido santo desde siempre (\u2026) Somos millones de seres venezolanos que hemos sido sanados por Jos\u00e9 Gregorio en cualquier oportunidad\u00bb, exalt\u00f3 el Presidente, quien asegur\u00f3 tambi\u00e9n haber sido sanado por el doctor cuando era joven, porque sufr\u00eda de ataque de asma severos.<br><strong><em>ET \/ \u00daltimas Noticias<\/em><\/strong><\/p>\n","protected":false},"excerpt":{"rendered":"<p>ENTRE TORMENTAS. El presidente Nicol\u00e1s Maduro acus\u00f3 al Cardenal Baltazar Porras de conspirar junto a&#8230;<\/p>\n","protected":false},"author":2,"featured_media":23839,"comment_status":"closed","ping_status":"open","sticky":false,"template":"","format":"standard","meta":{"footnotes":""},"categories":[56,49],"tags":[],"class_list":["post-23838","post","type-post","status-publish","format-standard","has-post-thumbnail","hentry","category-destacadas","category-nacionales"],"_links":{"self":[{"href":"https:\/\/entretormentas.com\/index.php?rest_route=\/wp\/v2\/posts\/23838","targetHints":{"allow":["GET"]}}],"collection":[{"href":"https:\/\/entretormentas.com\/index.php?rest_route=\/wp\/v2\/posts"}],"about":[{"href":"https:\/\/entretormentas.com\/index.php?rest_route=\/wp\/v2\/types\/post"}],"author":[{"embeddable":true,"href":"https:\/\/entretormentas.com\/index.php?rest_route=\/wp\/v2\/users\/2"}],"replies":[{"embeddable":true,"href":"https:\/\/entretormentas.com\/index.php?rest_route=%2Fwp%2Fv2%2Fcomments&post=23838"}],"version-history":[{"count":1,"href":"https:\/\/entretormentas.com\/index.php?rest_route=\/wp\/v2\/posts\/23838\/revisions"}],"predecessor-version":[{"id":23840,"href":"https:\/\/entretormentas.com\/index.php?rest_route=\/wp\/v2\/posts\/23838\/revisions\/23840"}],"wp:featuredmedia":[{"embeddable":true,"href":"https:\/\/entretormentas.com\/index.php?rest_route=\/wp\/v2\/media\/23839"}],"wp:attachment":[{"href":"https:\/\/entretormentas.com\/index.php?rest_route=%2Fwp%2Fv2%2Fmedia&parent=23838"}],"wp:term":[{"taxonomy":"category","embeddable":true,"href":"https:\/\/entretormentas.com\/index.php?rest_route=%2Fwp%2Fv2%2Fcategories&post=23838"},{"taxonomy":"post_tag","embeddable":true,"href":"https:\/\/entretormentas.com\/index.php?rest_route=%2Fwp%2Fv2%2Ftags&post=23838"}],"curies":[{"name":"wp","href":"https:\/\/api.w.org\/{rel}","templated":true}]}}