{"id":23841,"date":"2025-10-21T04:46:40","date_gmt":"2025-10-21T08:46:40","guid":{"rendered":"https:\/\/entretormentas.com\/?p=23841"},"modified":"2025-10-21T04:46:41","modified_gmt":"2025-10-21T08:46:41","slug":"donado-por-venezuela-develan-mural-de-la-virgen-de-coromoto-en-los-jardines-del-vaticano","status":"publish","type":"post","link":"https:\/\/entretormentas.com\/donado-por-venezuela-develan-mural-de-la-virgen-de-coromoto-en-los-jardines-del-vaticano\/","title":{"rendered":"\u00a1DONADO POR VENEZUELA! Develan mural de la Virgen de Coromoto en los jardines del Vaticano"},"content":{"rendered":"\n<p><strong>ENTRE TORMENTAS. <\/strong>El significativo acto de fe y cultura venezolana tuvo lugar en los Jardines de la Ciudad del Vaticano, donde fue develado un impresionante mural de la Virgen de Coromoto, Patrona de Venezuela.<\/p>\n\n\n\n<p>Esta obra de arte, un mosaico elaborado por el artista Luis Enrique Mogoll\u00f3n, oriundo del estado Lara, es una donaci\u00f3n de la delegaci\u00f3n venezolana que asisti\u00f3 a los eventos de canonizaci\u00f3n del Doctor Jos\u00e9 Gregorio Hern\u00e1ndez y la Madre Carmen Rendiles, indica la nota de El Universal.<\/p>\n\n\n\n<p>La informaci\u00f3n fue confirmada por la ministra de Ciencia y Tecnolog\u00eda, Gabriela Jim\u00e9nez, quien encabez\u00f3 la delegaci\u00f3n. En declaraciones a Venezolana de Televisi\u00f3n (VTV), la ministra resalt\u00f3 el profundo significado de esta ofrenda.<\/p>\n\n\n\n<p>La ministra Jim\u00e9nez destac\u00f3 que la imagen de la Virgen de Coromoto es una poderosa representaci\u00f3n de la devoci\u00f3n y la fe del pueblo venezolano. M\u00e1s all\u00e1 de su valor religioso, la imagen simboliza \u00abla labor de la mujer venezolana en la paz, en el ejercicio social de inclusi\u00f3n, en la atenci\u00f3n del pr\u00f3jimo y en la vocaci\u00f3n del servicio\u00ab.<\/p>\n\n\n\n<p>\u00abEs la invitaci\u00f3n del presidente Maduro hoy con esta donaci\u00f3n al Vaticano invitar a los venezolanos y a las venezolanas a una vida santa, de paz, de solidaridad y de encuentro\u201d, agreg\u00f3 la ministra, subrayando que esta acci\u00f3n es un encuentro espiritual que reafirma el compromiso con la paz y la fe en el contexto de la realidad nacional.<\/p>\n\n\n\n<p>Como parte de las donaciones, la delegaci\u00f3n venezolana, tambi\u00e9n anunci\u00f3 la entrega de una imagen del santo Jos\u00e9 Gregorio Hern\u00e1ndez que ser\u00e1 expuesta en la Escuela Latinoamericana de Roma, llevando as\u00ed la inspiraci\u00f3n de la santidad venezolana a la di\u00e1spora. La ministra Jim\u00e9nez concluy\u00f3 su intervenci\u00f3n con un llamado a la unidad: \u201cVenezuela ratifica el llamado a la uni\u00f3n y a la paz, como un acto de fe en Dios, cultivemos entonces la vida de Jos\u00e9 Gregorio Hern\u00e1ndez y de Carmen Rendiles como una manifestaci\u00f3n de santidad, somos un pueblo de paz, de santos y de libertadores\u201d.<\/p>\n\n\n\n<p>Este mural no solo enriquece el patrimonio art\u00edstico y espiritual del Vaticano, sino que tambi\u00e9n sirve como un puente de fe y esperanza, uniendo a Venezuela con el coraz\u00f3n de la Iglesia Cat\u00f3lica.<br><strong><em>ET \/ El Universal<\/em><\/strong><\/p>\n\n\n\n<p><\/p>\n","protected":false},"excerpt":{"rendered":"<p>ENTRE TORMENTAS. El significativo acto de fe y cultura venezolana tuvo lugar en los Jardines&#8230;<\/p>\n","protected":false},"author":2,"featured_media":23842,"comment_status":"closed","ping_status":"open","sticky":false,"template":"","format":"standard","meta":{"footnotes":""},"categories":[56,48],"tags":[],"class_list":["post-23841","post","type-post","status-publish","format-standard","has-post-thumbnail","hentry","category-destacadas","category-internacionales"],"_links":{"self":[{"href":"https:\/\/entretormentas.com\/index.php?rest_route=\/wp\/v2\/posts\/23841","targetHints":{"allow":["GET"]}}],"collection":[{"href":"https:\/\/entretormentas.com\/index.php?rest_route=\/wp\/v2\/posts"}],"about":[{"href":"https:\/\/entretormentas.com\/index.php?rest_route=\/wp\/v2\/types\/post"}],"author":[{"embeddable":true,"href":"https:\/\/entretormentas.com\/index.php?rest_route=\/wp\/v2\/users\/2"}],"replies":[{"embeddable":true,"href":"https:\/\/entretormentas.com\/index.php?rest_route=%2Fwp%2Fv2%2Fcomments&post=23841"}],"version-history":[{"count":1,"href":"https:\/\/entretormentas.com\/index.php?rest_route=\/wp\/v2\/posts\/23841\/revisions"}],"predecessor-version":[{"id":23843,"href":"https:\/\/entretormentas.com\/index.php?rest_route=\/wp\/v2\/posts\/23841\/revisions\/23843"}],"wp:featuredmedia":[{"embeddable":true,"href":"https:\/\/entretormentas.com\/index.php?rest_route=\/wp\/v2\/media\/23842"}],"wp:attachment":[{"href":"https:\/\/entretormentas.com\/index.php?rest_route=%2Fwp%2Fv2%2Fmedia&parent=23841"}],"wp:term":[{"taxonomy":"category","embeddable":true,"href":"https:\/\/entretormentas.com\/index.php?rest_route=%2Fwp%2Fv2%2Fcategories&post=23841"},{"taxonomy":"post_tag","embeddable":true,"href":"https:\/\/entretormentas.com\/index.php?rest_route=%2Fwp%2Fv2%2Ftags&post=23841"}],"curies":[{"name":"wp","href":"https:\/\/api.w.org\/{rel}","templated":true}]}}