{"id":23844,"date":"2025-10-21T04:48:55","date_gmt":"2025-10-21T08:48:55","guid":{"rendered":"https:\/\/entretormentas.com\/?p=23844"},"modified":"2025-10-21T04:48:55","modified_gmt":"2025-10-21T08:48:55","slug":"desde-vaticano-pietro-parolin-pide-a-venezuela-abrir-las-prisiones-injustas-y-dejar-libres-a-los-oprimidos","status":"publish","type":"post","link":"https:\/\/entretormentas.com\/desde-vaticano-pietro-parolin-pide-a-venezuela-abrir-las-prisiones-injustas-y-dejar-libres-a-los-oprimidos\/","title":{"rendered":"\u00a1DESDE VATICANO! Pietro Parolin pide a Venezuela \u00ababrir las prisiones injustas y dejar libres a los oprimidos\u00bb"},"content":{"rendered":"\n<p><strong>ENTRE TORMENTAS.<\/strong> El secretario de Estado del Vaticano, cardenal Pietro Parolin, envi\u00f3 este lunes 20 de octubre un contundente mensaje a Venezuela tras las canonizaciones de los santos Jos\u00e9 Gregorio Hern\u00e1ndez y madre Carmen Rendiles.<\/p>\n\n\n\n<p>Desde el aula Pablo VI, ubicada en el Vaticano, Parolin subray\u00f3 que las canonizaciones de estos dos santos venezolanos es \u00abun momento oportuno\u00bb para \u00abencontrar soluciones\u00bb a las problem\u00e1ticas que afectan el pa\u00eds.<\/p>\n\n\n\n<p>En este sentido, exhort\u00f3 a Venezuela a \u00abescuchar las palabras del se\u00f1or que te llama a abrir las prisiones injustas y dejar libres a los oprimidos\u00bb. Agreg\u00f3 que de esta manera se puede llegar a responder \u00aba la vocaci\u00f3n de paz\u00bb.<\/p>\n\n\n\n<p>\u00abSolo as\u00ed tu luz brillara en las tinieblas, tu oscuridad se volver\u00e1 medio d\u00eda, si escucharas las palabras del Se\u00f1or, que te llama a abrir las prisiones injustas, hacer saltar los cerrojos de los cepos, dejar libres a los oprimidos, romper todos los cepos, solo as\u00ed querida Venezuela podr\u00e1s responder a tu vocaci\u00f3n de paz. Si las construir\u00e1s sobre los cimientos de la justicia, de la verdad, de la libertad y del amor, de los respetos a los Derechos Humanos, generando espacios de encuentro y de convivencia democr\u00e1tica, haciendo prevalecer lo que une y no lo que divide\u00bb, dijo.<br><strong><em>ET \/ Contrapunto<\/em><\/strong><\/p>\n","protected":false},"excerpt":{"rendered":"<p>ENTRE TORMENTAS. El secretario de Estado del Vaticano, cardenal Pietro Parolin, envi\u00f3 este lunes 20&#8230;<\/p>\n","protected":false},"author":2,"featured_media":23845,"comment_status":"closed","ping_status":"open","sticky":false,"template":"","format":"standard","meta":{"footnotes":""},"categories":[56,48],"tags":[],"class_list":["post-23844","post","type-post","status-publish","format-standard","has-post-thumbnail","hentry","category-destacadas","category-internacionales"],"_links":{"self":[{"href":"https:\/\/entretormentas.com\/index.php?rest_route=\/wp\/v2\/posts\/23844","targetHints":{"allow":["GET"]}}],"collection":[{"href":"https:\/\/entretormentas.com\/index.php?rest_route=\/wp\/v2\/posts"}],"about":[{"href":"https:\/\/entretormentas.com\/index.php?rest_route=\/wp\/v2\/types\/post"}],"author":[{"embeddable":true,"href":"https:\/\/entretormentas.com\/index.php?rest_route=\/wp\/v2\/users\/2"}],"replies":[{"embeddable":true,"href":"https:\/\/entretormentas.com\/index.php?rest_route=%2Fwp%2Fv2%2Fcomments&post=23844"}],"version-history":[{"count":1,"href":"https:\/\/entretormentas.com\/index.php?rest_route=\/wp\/v2\/posts\/23844\/revisions"}],"predecessor-version":[{"id":23846,"href":"https:\/\/entretormentas.com\/index.php?rest_route=\/wp\/v2\/posts\/23844\/revisions\/23846"}],"wp:featuredmedia":[{"embeddable":true,"href":"https:\/\/entretormentas.com\/index.php?rest_route=\/wp\/v2\/media\/23845"}],"wp:attachment":[{"href":"https:\/\/entretormentas.com\/index.php?rest_route=%2Fwp%2Fv2%2Fmedia&parent=23844"}],"wp:term":[{"taxonomy":"category","embeddable":true,"href":"https:\/\/entretormentas.com\/index.php?rest_route=%2Fwp%2Fv2%2Fcategories&post=23844"},{"taxonomy":"post_tag","embeddable":true,"href":"https:\/\/entretormentas.com\/index.php?rest_route=%2Fwp%2Fv2%2Ftags&post=23844"}],"curies":[{"name":"wp","href":"https:\/\/api.w.org\/{rel}","templated":true}]}}