{"id":23855,"date":"2025-10-21T18:42:39","date_gmt":"2025-10-21T22:42:39","guid":{"rendered":"https:\/\/entretormentas.com\/?p=23855"},"modified":"2025-10-21T18:42:40","modified_gmt":"2025-10-21T22:42:40","slug":"el-expresidente-frances-estara-cinco-anos-tras-las-rejas-sarkozy-entra-a-prision-por-financiacion-de-la-campana-de-2007","status":"publish","type":"post","link":"https:\/\/entretormentas.com\/el-expresidente-frances-estara-cinco-anos-tras-las-rejas-sarkozy-entra-a-prision-por-financiacion-de-la-campana-de-2007\/","title":{"rendered":"\u00a1EL EXPRESIDENTE FRANC\u00c9S ESTAR\u00c1 CINCO A\u00d1OS TRAS LAS REJAS! Sarkozy entra a prisi\u00f3n por financiaci\u00f3n de la campa\u00f1a de 2007"},"content":{"rendered":"\n<p><strong>ENTRE TORMENTAS. <\/strong>El expresidente franc\u00e9s, Nicolas Sarkozy, entr\u00f3 este martes en la prisi\u00f3n parisiense de La Sant\u00e9 por la pena de cinco a\u00f1os impuesta por la financiaci\u00f3n de la campa\u00f1a electoral que le llev\u00f3 al El\u00edseo en 2007 con dinero del r\u00e9gimen libio de Muamar Gadafi, lo que le convierte en el primer exjefe de Estado franc\u00e9s en ser encarcelado.<\/p>\n\n\n\n<p>Sarkozy lleg\u00f3 a la prisi\u00f3n parisiense, situada en el distrito XIV, escoltado en un coche negro y seguido por motoristas de televisiones que trasmitieron en directo el trayecto desde su domicilio en el distrito XVI. Su entrada se produjo sobre las 9.39 horas locales en medio de un fuerte dispositivo de seguridad, rese\u00f1\u00f3 EFE.<\/p>\n\n\n\n<p>\u00ab\u00a1Bienvenido Sarkozy!, \u00a1Sarkozy est\u00e1 aqu\u00ed!\u00bb, gritaron algunos de los presentes a la llegada del que fuera presidente de Francia desde 2007 a 2012 a la vetusta prisi\u00f3n parisiense, mientras que otras personas preguntaban: \u00ab\u00bfCarla, d\u00f3nde est\u00e1s?\u00bb, en alusi\u00f3n a la esposa del expresidente.<\/p>\n\n\n\n<p>Su encarcelamiento, caus\u00f3 un electrochoque en una parte de la sociedad francesa, fue seguido por decenas de medios de comunicaci\u00f3n nacionales y extranjeros, incluso varias televisiones trasmitieron el trayecto del exjefe desde su domicilio en directo.<\/p>\n\n\n\n<p>Sarkozy sali\u00f3 sobre las 9.10 horas locales de la mano de su mujer, Carla Bruni, y en compa\u00f1\u00eda de sus hijos y sus hermanos de su domicilio, donde varias decenas de personas se congregaron en muestra de apoyo al exjefe de Estado y le aplaudieron despu\u00e9s de cantar la Marsellesa, el himno de Francia.<\/p>\n\n\n\n<figure class=\"wp-block-image size-full\"><img fetchpriority=\"high\" decoding=\"async\" width=\"932\" height=\"582\" src=\"https:\/\/entretormentas.com\/wp-content\/uploads\/2025\/10\/zarkosy2.jpg\" alt=\"\" class=\"wp-image-23856\" srcset=\"https:\/\/entretormentas.com\/wp-content\/uploads\/2025\/10\/zarkosy2.jpg 932w, https:\/\/entretormentas.com\/wp-content\/uploads\/2025\/10\/zarkosy2-300x187.jpg 300w, https:\/\/entretormentas.com\/wp-content\/uploads\/2025\/10\/zarkosy2-768x480.jpg 768w, https:\/\/entretormentas.com\/wp-content\/uploads\/2025\/10\/zarkosy2-800x500.jpg 800w, https:\/\/entretormentas.com\/wp-content\/uploads\/2025\/10\/zarkosy2-400x250.jpg 400w\" sizes=\"(max-width: 932px) 100vw, 932px\" \/><\/figure>\n\n\n\n<p>Justo antes de poner rumbo a La Sant\u00e9, el expresidente public\u00f3 un mensaje en sus redes sociales: \u00abAl prepararme para cruzar los muros de La Sant\u00e9, mis pensamientos est\u00e1n con el pueblo franc\u00e9s\u00bb.<\/p>\n\n\n\n<p>\u00abQuiero decirles con la fuerza inquebrantable que me caracteriza que no es un expresidente de la Rep\u00fablica quien est\u00e1 siendo encarcelado esta ma\u00f1ana, sino un hombre inocente. Seguir\u00e9 denunciando este esc\u00e1ndalo judicial, este v\u00eda crucis que he sufrido durante m\u00e1s de diez a\u00f1os\u00bb, escribi\u00f3, antes de a\u00f1adir: \u00abLa verdad triunfar\u00e1\u00bb, pero el \u00abprecio a pagar ser\u00e1 devastador\u00bb.<\/p>\n\n\n\n<p>Los abogados de Sarkozy, que se convertir\u00e1 en el primer expresidente en la historia de la Rep\u00fablica francesa y de la Uni\u00f3n Europea que ingresa en la c\u00e1rcel, anunciaron hoy que presentar\u00e1n una petici\u00f3n de puesta en libertad \u00abmuy r\u00e1pidamente\u00bb porque \u00abuna noche en prisi\u00f3n es demasiado\u00bb.<\/p>\n\n\n\n<p>El encarcelamiento \u00abrefuerza su determinaci\u00f3n y su rabia para demostrar que es inocente\u00bb, dijo hoy a la televisi\u00f3n BFMTV Christophe Ingrain, uno de sus abogados, quien le acompa\u00f1\u00f3 en el trayecto en coche a la prisi\u00f3n.<\/p>\n\n\n\n<p>\u00abObjetivamente no hay ninguna raz\u00f3n para que el tribunal de apelaci\u00f3n rechace esta liberaci\u00f3n, pero existe incertidumbre jur\u00eddica y la afrontaremos\u00bb, se\u00f1al\u00f3 el letrado, quien adelant\u00f3 que \u00abno habr\u00e1 trato preferente\u00bb para \u00e9l y que \u00absu solicitud se examinar\u00e1 dentro del plazo habitual, que es de un mes\u00bb.<\/p>\n\n\n\n<p>En cualquier caso, el letrado a\u00f1adi\u00f3 que Sarkozy pasar\u00e1 \u00abentre tres semanas y un mes detenido antes de que se pronuncie el tribunal\u00bb sobre su demanda de puesta en libertad, que de recibir una respuesta positiva le permitir\u00eda pasar las Navidades en su casa y comparecer libre en el juicio en apelaci\u00f3n previsto para marzo de 2026.<\/p>\n\n\n\n<p>Durante el tiempo que pasar\u00e1 en La Sant\u00e9, el exjefe de Estado tiene intenci\u00f3n de aprovechar para \u00abescribir sobre su experiencia, sobre la injusticia de la que es v\u00edctima\u00bb.<\/p>\n\n\n\n<p>El exjefe de Estado fue sentenciado el pasado 25 de septiembre a cinco a\u00f1os de prisi\u00f3n por haber formado parte de una \u00abasociaci\u00f3n de malhechores\u00bb y por haber dejado que sus principales colaboradores negociaran con responsables del r\u00e9gimen de Gadafi para obtener dinero para la campa\u00f1a de las elecciones presidenciales de 2007.<br><strong><em>ET \/ EFE<\/em><\/strong><\/p>\n\n\n\n<p><\/p>\n","protected":false},"excerpt":{"rendered":"<p>ENTRE TORMENTAS. El expresidente franc\u00e9s, Nicolas Sarkozy, entr\u00f3 este martes en la prisi\u00f3n parisiense de&#8230;<\/p>\n","protected":false},"author":2,"featured_media":23857,"comment_status":"closed","ping_status":"open","sticky":false,"template":"","format":"standard","meta":{"footnotes":""},"categories":[56,48],"tags":[350,209,349,348],"class_list":["post-23855","post","type-post","status-publish","format-standard","has-post-thumbnail","hentry","category-destacadas","category-internacionales","tag-financiacion","tag-francia","tag-prision","tag-zarkosy"],"_links":{"self":[{"href":"https:\/\/entretormentas.com\/index.php?rest_route=\/wp\/v2\/posts\/23855","targetHints":{"allow":["GET"]}}],"collection":[{"href":"https:\/\/entretormentas.com\/index.php?rest_route=\/wp\/v2\/posts"}],"about":[{"href":"https:\/\/entretormentas.com\/index.php?rest_route=\/wp\/v2\/types\/post"}],"author":[{"embeddable":true,"href":"https:\/\/entretormentas.com\/index.php?rest_route=\/wp\/v2\/users\/2"}],"replies":[{"embeddable":true,"href":"https:\/\/entretormentas.com\/index.php?rest_route=%2Fwp%2Fv2%2Fcomments&post=23855"}],"version-history":[{"count":1,"href":"https:\/\/entretormentas.com\/index.php?rest_route=\/wp\/v2\/posts\/23855\/revisions"}],"predecessor-version":[{"id":23858,"href":"https:\/\/entretormentas.com\/index.php?rest_route=\/wp\/v2\/posts\/23855\/revisions\/23858"}],"wp:featuredmedia":[{"embeddable":true,"href":"https:\/\/entretormentas.com\/index.php?rest_route=\/wp\/v2\/media\/23857"}],"wp:attachment":[{"href":"https:\/\/entretormentas.com\/index.php?rest_route=%2Fwp%2Fv2%2Fmedia&parent=23855"}],"wp:term":[{"taxonomy":"category","embeddable":true,"href":"https:\/\/entretormentas.com\/index.php?rest_route=%2Fwp%2Fv2%2Fcategories&post=23855"},{"taxonomy":"post_tag","embeddable":true,"href":"https:\/\/entretormentas.com\/index.php?rest_route=%2Fwp%2Fv2%2Ftags&post=23855"}],"curies":[{"name":"wp","href":"https:\/\/api.w.org\/{rel}","templated":true}]}}