{"id":23859,"date":"2025-10-21T18:53:28","date_gmt":"2025-10-21T22:53:28","guid":{"rendered":"https:\/\/entretormentas.com\/?p=23859"},"modified":"2025-10-21T18:53:29","modified_gmt":"2025-10-21T22:53:29","slug":"en-casos-de-soborno-tribunal-superior-de-bogota-absuelve-al-expresidente-alvaro-uribe","status":"publish","type":"post","link":"https:\/\/entretormentas.com\/en-casos-de-soborno-tribunal-superior-de-bogota-absuelve-al-expresidente-alvaro-uribe\/","title":{"rendered":"\u00a1EN CASOS DE SOBORNO! Tribunal Superior de Bogot\u00e1 absuelve al expresidente \u00c1lvaro Uribe"},"content":{"rendered":"\n<p><strong>ENTRE TORMENTAS. <\/strong>El Tribunal Superior de Bogot\u00e1 absolvi\u00f3 al expresidente \u00c1lvaro Uribe V\u00e9lez de los delitos de soborno en actuaci\u00f3n penal y fraude procesal, revocando la condena de 12 a\u00f1os de prisi\u00f3n domiciliaria que hab\u00eda sido dictada por la jueza Sandra Heredia, del Juzgado 44 Penal del Circuito de Bogot\u00e1.<\/p>\n\n\n\n<p>La decisi\u00f3n del alto tribunal tambi\u00e9n extiende la absoluci\u00f3n a los episodios relacionados con los testigos Carlos Enrique V\u00e9lez y Eur\u00eddice Cort\u00e9s Velasco, alias \u201cDiana\u201d, y contiene un duro reproche a la jueza de primera instancia por errores en la valoraci\u00f3n de las pruebas y por haber incurrido en interpretaciones consideradas \u201cfalaces y metodol\u00f3gicamente defectuosas\u201d.<\/p>\n\n\n\n<p><strong>DURO PRONUNCIAMIENTO DE UN MAGISTRADO<\/strong><br>Durante la lectura de la sentencia, el magistrado Manuel Antonio Merch\u00e1n, en nombre de la Sala Penal del Tribunal, afirm\u00f3 que la decisi\u00f3n de primera instancia carec\u00eda de rigor probatorio y presentaba falacias interpretativas.<\/p>\n\n\n\n<p>El fallo a\u00f1adi\u00f3 que \u201cla sentencia incurri\u00f3 en error al asumir que el inter\u00e9s del acusado en obtener pruebas l\u00edcitas equival\u00eda a dolo determinador, interpretando falazmente recomendaciones de decir siempre la verdad como encargo il\u00edcito sin evidencia\u201d.<\/p>\n\n\n\n<figure class=\"wp-block-image size-full\"><img fetchpriority=\"high\" decoding=\"async\" width=\"706\" height=\"392\" src=\"https:\/\/entretormentas.com\/wp-content\/uploads\/2025\/10\/uribevelez2.jpg\" alt=\"\" class=\"wp-image-23860\" srcset=\"https:\/\/entretormentas.com\/wp-content\/uploads\/2025\/10\/uribevelez2.jpg 706w, https:\/\/entretormentas.com\/wp-content\/uploads\/2025\/10\/uribevelez2-300x167.jpg 300w\" sizes=\"(max-width: 706px) 100vw, 706px\" \/><\/figure>\n\n\n\n<p>Asimismo, Merch\u00e1n precis\u00f3 que \u201clas conversaciones interceptadas reflejan ausencia de instrucciones para inducir falsedad y quienes tuvieron contacto con Uribe niegan fines il\u00edcitos\u201d, aclarando adem\u00e1s que la llamada del 26 de marzo fue tergiversada, pues Uribe \u201cpregunta si Monsalve fue presionado por Cepeda, no afirma tal hecho, y la expresi\u00f3n \u2018eso ayuda mucho\u2019 se refiere a aclarar la situaci\u00f3n, no a inducir mentira\u201d.<\/p>\n\n\n\n<p><strong>REVOCATORIA DE LA CONDENA<\/strong><br>Tras revisar las pruebas y la valoraci\u00f3n efectuada en primera instancia, el Tribunal concluy\u00f3 que no se acredit\u00f3 responsabilidad m\u00e1s all\u00e1 de toda duda razonable, motivo por el cual revoc\u00f3 la condena impuesta a \u00c1lvaro Uribe V\u00e9lez.<\/p>\n\n\n\n<p>\u201cLa sentencia de primera instancia incurri\u00f3 en errores metodol\u00f3gicos, falacias interpretativas y valoraci\u00f3n sesgada de pruebas al construir inferencias sobre subordinaci\u00f3n funcional y dolo sin respaldo objetivo\u201d, dijo el magistrado Merch\u00e1n al leer la parte resolutiva del fallo.<\/p>\n\n\n\n<p>El Tribunal se\u00f1al\u00f3 adem\u00e1s que las inferencias sobre una supuesta subordinaci\u00f3n funcional entre el expresidente y el abogado Diego Cadena carecen de fundamento, y que la actuaci\u00f3n de Uribe se enmarc\u00f3 en la b\u00fasqueda de pruebas l\u00edcitas, no en la inducci\u00f3n a testigos para faltar a la verdad.<br><strong><em>ET \/ Agencias<\/em><\/strong><\/p>\n\n\n\n<p><\/p>\n","protected":false},"excerpt":{"rendered":"<p>ENTRE TORMENTAS. El Tribunal Superior de Bogot\u00e1 absolvi\u00f3 al expresidente \u00c1lvaro Uribe V\u00e9lez de los&#8230;<\/p>\n","protected":false},"author":2,"featured_media":23861,"comment_status":"closed","ping_status":"open","sticky":false,"template":"","format":"standard","meta":{"footnotes":""},"categories":[56,48],"tags":[353,214,352,351],"class_list":["post-23859","post","type-post","status-publish","format-standard","has-post-thumbnail","hentry","category-destacadas","category-internacionales","tag-absuelto","tag-colombia","tag-expresidente","tag-uribe"],"_links":{"self":[{"href":"https:\/\/entretormentas.com\/index.php?rest_route=\/wp\/v2\/posts\/23859","targetHints":{"allow":["GET"]}}],"collection":[{"href":"https:\/\/entretormentas.com\/index.php?rest_route=\/wp\/v2\/posts"}],"about":[{"href":"https:\/\/entretormentas.com\/index.php?rest_route=\/wp\/v2\/types\/post"}],"author":[{"embeddable":true,"href":"https:\/\/entretormentas.com\/index.php?rest_route=\/wp\/v2\/users\/2"}],"replies":[{"embeddable":true,"href":"https:\/\/entretormentas.com\/index.php?rest_route=%2Fwp%2Fv2%2Fcomments&post=23859"}],"version-history":[{"count":1,"href":"https:\/\/entretormentas.com\/index.php?rest_route=\/wp\/v2\/posts\/23859\/revisions"}],"predecessor-version":[{"id":23862,"href":"https:\/\/entretormentas.com\/index.php?rest_route=\/wp\/v2\/posts\/23859\/revisions\/23862"}],"wp:featuredmedia":[{"embeddable":true,"href":"https:\/\/entretormentas.com\/index.php?rest_route=\/wp\/v2\/media\/23861"}],"wp:attachment":[{"href":"https:\/\/entretormentas.com\/index.php?rest_route=%2Fwp%2Fv2%2Fmedia&parent=23859"}],"wp:term":[{"taxonomy":"category","embeddable":true,"href":"https:\/\/entretormentas.com\/index.php?rest_route=%2Fwp%2Fv2%2Fcategories&post=23859"},{"taxonomy":"post_tag","embeddable":true,"href":"https:\/\/entretormentas.com\/index.php?rest_route=%2Fwp%2Fv2%2Ftags&post=23859"}],"curies":[{"name":"wp","href":"https:\/\/api.w.org\/{rel}","templated":true}]}}