{"id":23910,"date":"2025-10-23T04:19:00","date_gmt":"2025-10-23T08:19:00","guid":{"rendered":"https:\/\/entretormentas.com\/?p=23910"},"modified":"2025-10-23T04:19:01","modified_gmt":"2025-10-23T08:19:01","slug":"desde-la-alcaldia-de-maracaibo-anuncian-jornada-de-despistaje-de-cancer-de-mama-para-ambientalistas-del-ima","status":"publish","type":"post","link":"https:\/\/entretormentas.com\/desde-la-alcaldia-de-maracaibo-anuncian-jornada-de-despistaje-de-cancer-de-mama-para-ambientalistas-del-ima\/","title":{"rendered":"\u00a1DESDE LA ALCALD\u00cdA DE MARACAIBO! Anuncian jornada de despistaje de c\u00e1ncer de mama para ambientalistas del IMA"},"content":{"rendered":"\n<p><strong>ENTRE TORMENTAS. <\/strong>Una jornada integral de salud para m\u00e1s de 300 mujeres ambientalistas (salserinas) trabajadoras del Instituto Municipal de Ambiente (IMA) ofrecer\u00e1 este lunes 27 de octubre la Alcald\u00eda de Maracaibo, enmarcada en el Mes Rosa.<\/p>\n\n\n\n<p>Esta jornada est\u00e1 organizada conjuntamente con la Direcci\u00f3n de Desarrollo Social como un gesto de apoyo a esas mujeres trabajadoras y esforzadas que salen a la calle a ejercer la labor cambiarle el rostro a la ciudad, pero sobre todo por sus familias y sus hijos.<\/p>\n\n\n\n<p>Janner P\u00e9rez, presidente del IMA, inform\u00f3 que esta es una iniciativa de la primera dama del municipio y directora de Desarrollo Social de la Alcald\u00eda, Ana Clara Barboza de Di Martino, como parte de las actividades que este despacho ha desarrollado en el Mes Rosa, dedicado a la prevenci\u00f3n del c\u00e1ncer de mama.<\/p>\n\n\n\n<p>\u00abHay que cumplir con los controles m\u00e9dicos y la mamograf\u00eda es un estudio necesario. El c\u00e1ncer de mama se puede detectar a tiempo, por ello son vitales el autoexamen y un chequeo m\u00e9dico oportuno\u00bb, indic\u00f3 el presidente del IMA.<\/p>\n\n\n\n<p>Esta jornada m\u00e9dica se realizar\u00e1 en la Plaza Para Todos a partir de las 8:00 de la ma\u00f1ana y contar\u00e1 con el apoyo de Fundasalud, Desarrollo Social, Sistema Municipal de Salud, Instituto para la Mujer y el IMA, todos adscritos a la municipalidad marabina.<\/p>\n\n\n\n<figure class=\"wp-block-image size-large\"><img fetchpriority=\"high\" decoding=\"async\" width=\"1024\" height=\"768\" src=\"https:\/\/entretormentas.com\/wp-content\/uploads\/2025\/10\/IMAMAMA2-1024x768.jpeg\" alt=\"\" class=\"wp-image-23911\" srcset=\"https:\/\/entretormentas.com\/wp-content\/uploads\/2025\/10\/IMAMAMA2-1024x768.jpeg 1024w, https:\/\/entretormentas.com\/wp-content\/uploads\/2025\/10\/IMAMAMA2-300x225.jpeg 300w, https:\/\/entretormentas.com\/wp-content\/uploads\/2025\/10\/IMAMAMA2-768x576.jpeg 768w, https:\/\/entretormentas.com\/wp-content\/uploads\/2025\/10\/IMAMAMA2.jpeg 1280w\" sizes=\"(max-width: 1024px) 100vw, 1024px\" \/><\/figure>\n\n\n\n<p>\u00abHay que aprovechar esta noble causa, recuerden que la gesti\u00f3n de nuestro alcalde Giancarlo Di Martino es humanista, y una de sus prioridades es el bienestar de sus trabajadores y trabajadoras\u201d, acot\u00f3 Janner P\u00e9rez.<\/p>\n\n\n\n<p><strong>QUINTA JORNADA INTEGRAL<\/strong><br>Por su parte la presidenta de Fundasalud Maracaibo, Tania Mesa, dijo que \u00abesta ser\u00e1 la quinta jornada integral de pesquisa de c\u00e1ncer de mama y cuello uterino que llevar\u00e1 a cabo la Alcald\u00eda de Maracaibo\u201d, refiri\u00e9ndose a las otras cuatro jornadas que cada jueves del mes de octubre se realizaron en los cuatro ambulatorios de la alcald\u00eda marabina.<\/p>\n\n\n\n<p>\u201cContaremos con atenci\u00f3n medica oncol\u00f3gica y quien lo amerite, posteriormente, se remitir\u00eda para realizar estudios avanzados. Las cl\u00ednicas m\u00f3viles estar\u00e1n activas para la atenci\u00f3n medica general y pesquisa de hipertensi\u00f3n\u201d, dijo la funcionaria.<\/p>\n\n\n\n<p>Un onc\u00f3logo, m\u00e9dicos familiares, ginec\u00f3logos y m\u00e9dicos ecografistas &#8211; junto al personal de las cl\u00ednicas m\u00f3viles- brindar\u00e1n la atenci\u00f3n especializada a las trabajadoras del IMA.<br><strong><em>ET \/ Prensa Alcald\u00eda de Maracaibo<\/em><\/strong><\/p>\n","protected":false},"excerpt":{"rendered":"<p>ENTRE TORMENTAS. Una jornada integral de salud para m\u00e1s de 300 mujeres ambientalistas (salserinas) trabajadoras&#8230;<\/p>\n","protected":false},"author":2,"featured_media":23912,"comment_status":"closed","ping_status":"open","sticky":false,"template":"","format":"standard","meta":{"footnotes":""},"categories":[57,1],"tags":[],"class_list":["post-23910","post","type-post","status-publish","format-standard","has-post-thumbnail","hentry","category-actualidad","category-regionales"],"_links":{"self":[{"href":"https:\/\/entretormentas.com\/index.php?rest_route=\/wp\/v2\/posts\/23910","targetHints":{"allow":["GET"]}}],"collection":[{"href":"https:\/\/entretormentas.com\/index.php?rest_route=\/wp\/v2\/posts"}],"about":[{"href":"https:\/\/entretormentas.com\/index.php?rest_route=\/wp\/v2\/types\/post"}],"author":[{"embeddable":true,"href":"https:\/\/entretormentas.com\/index.php?rest_route=\/wp\/v2\/users\/2"}],"replies":[{"embeddable":true,"href":"https:\/\/entretormentas.com\/index.php?rest_route=%2Fwp%2Fv2%2Fcomments&post=23910"}],"version-history":[{"count":1,"href":"https:\/\/entretormentas.com\/index.php?rest_route=\/wp\/v2\/posts\/23910\/revisions"}],"predecessor-version":[{"id":23913,"href":"https:\/\/entretormentas.com\/index.php?rest_route=\/wp\/v2\/posts\/23910\/revisions\/23913"}],"wp:featuredmedia":[{"embeddable":true,"href":"https:\/\/entretormentas.com\/index.php?rest_route=\/wp\/v2\/media\/23912"}],"wp:attachment":[{"href":"https:\/\/entretormentas.com\/index.php?rest_route=%2Fwp%2Fv2%2Fmedia&parent=23910"}],"wp:term":[{"taxonomy":"category","embeddable":true,"href":"https:\/\/entretormentas.com\/index.php?rest_route=%2Fwp%2Fv2%2Fcategories&post=23910"},{"taxonomy":"post_tag","embeddable":true,"href":"https:\/\/entretormentas.com\/index.php?rest_route=%2Fwp%2Fv2%2Ftags&post=23910"}],"curies":[{"name":"wp","href":"https:\/\/api.w.org\/{rel}","templated":true}]}}