{"id":23918,"date":"2025-10-23T04:25:02","date_gmt":"2025-10-23T08:25:02","guid":{"rendered":"https:\/\/entretormentas.com\/?p=23918"},"modified":"2025-10-23T04:25:03","modified_gmt":"2025-10-23T08:25:03","slug":"en-la-secretaria-de-salud-forman-al-personal-sanitario-en-la-lucha-contra-el-cancer-de-mama","status":"publish","type":"post","link":"https:\/\/entretormentas.com\/en-la-secretaria-de-salud-forman-al-personal-sanitario-en-la-lucha-contra-el-cancer-de-mama\/","title":{"rendered":"\u00a1EN LA SECRETAR\u00cdA DE SALUD! Forman al personal sanitario en la lucha contra el C\u00e1ncer de Mama"},"content":{"rendered":"\n<p><strong>ENTRE TORMENTAS.<\/strong> \u201cTejiendo lazos de esperanza\u201d fue el t\u00edtulo de la conferencia realizada a prop\u00f3sito del D\u00eda Mundial de la Lucha contra el C\u00e1ncer de Mama, por la Secretar\u00eda de Salud de la Gobernaci\u00f3n del Zulia, mediante la Direcci\u00f3n de Investigaci\u00f3n y Educaci\u00f3n. La misma estuvo a cargo de la especialista adjunta al Programa de Oncolog\u00eda del estado Zulia, doctora Margaret Dimitru.<\/p>\n\n\n\n<p>La actividad tuvo lugar en las instalaciones de la Biblioteca P\u00fablica del estado Zulia \u201cMar\u00eda Calca\u00f1o\u201d, y cont\u00f3 con la participaci\u00f3n de m\u00e1s de 30 profesionales, docentes, estudiantes y residentes del \u00e1rea de la salud, quienes reafirmaron su compromiso con la prevenci\u00f3n, atenci\u00f3n y acompa\u00f1amiento integral a los pacientes oncol\u00f3gicos y sus familias.<\/p>\n\n\n\n<figure class=\"wp-block-image size-full\"><img fetchpriority=\"high\" decoding=\"async\" width=\"1016\" height=\"762\" src=\"https:\/\/entretormentas.com\/wp-content\/uploads\/2025\/10\/PERSOMAMA1.jpeg\" alt=\"\" class=\"wp-image-23919\" srcset=\"https:\/\/entretormentas.com\/wp-content\/uploads\/2025\/10\/PERSOMAMA1.jpeg 1016w, https:\/\/entretormentas.com\/wp-content\/uploads\/2025\/10\/PERSOMAMA1-300x225.jpeg 300w, https:\/\/entretormentas.com\/wp-content\/uploads\/2025\/10\/PERSOMAMA1-768x576.jpeg 768w\" sizes=\"(max-width: 1016px) 100vw, 1016px\" \/><\/figure>\n\n\n\n<p>Durante su ponencia, la Dra. Dimitru destac\u00f3 la importancia de fortalecer los lazos entre el sistema de salud, las comunidades y las familias, para generar redes de apoyo que favorezcan una atenci\u00f3n m\u00e1s humana y efectiva. Asimismo, subray\u00f3 que la detecci\u00f3n temprana del c\u00e1ncer de mama sigue siendo la herramienta m\u00e1s eficaz para aumentar las probabilidades de cura, tanto en mujeres como en hombres.<\/p>\n\n\n\n<p>\u201cTejiendo lazos de esperanza\u201d representa una apuesta por el conocimiento, la empat\u00eda y la acci\u00f3n conjunta, pilares fundamentales en la lucha contra el c\u00e1ncer de mama y en la construcci\u00f3n de una sociedad m\u00e1s consciente y solidaria.<\/p>\n\n\n\n<p>El Gobierno regional, de la mano de Luis Caldera, cumpliendo las directrices del Gobierno Nacional de Nicol\u00e1s Maduro, ratifica su compromiso con la formaci\u00f3n continua del personal sanitario, promoviendo espacios de actualizaci\u00f3n cient\u00edfica que permitan ofrecer una atenci\u00f3n de calidad, con sensibilidad y enfoque preventivo, ante una enfermedad que afecta a miles de familias venezolanas.<br><strong><em>ET \/ Nota de Prensa<\/em><\/strong><\/p>\n","protected":false},"excerpt":{"rendered":"<p>ENTRE TORMENTAS. \u201cTejiendo lazos de esperanza\u201d fue el t\u00edtulo de la conferencia realizada a prop\u00f3sito&#8230;<\/p>\n","protected":false},"author":2,"featured_media":23920,"comment_status":"closed","ping_status":"open","sticky":false,"template":"","format":"standard","meta":{"footnotes":""},"categories":[57,1],"tags":[],"class_list":["post-23918","post","type-post","status-publish","format-standard","has-post-thumbnail","hentry","category-actualidad","category-regionales"],"_links":{"self":[{"href":"https:\/\/entretormentas.com\/index.php?rest_route=\/wp\/v2\/posts\/23918","targetHints":{"allow":["GET"]}}],"collection":[{"href":"https:\/\/entretormentas.com\/index.php?rest_route=\/wp\/v2\/posts"}],"about":[{"href":"https:\/\/entretormentas.com\/index.php?rest_route=\/wp\/v2\/types\/post"}],"author":[{"embeddable":true,"href":"https:\/\/entretormentas.com\/index.php?rest_route=\/wp\/v2\/users\/2"}],"replies":[{"embeddable":true,"href":"https:\/\/entretormentas.com\/index.php?rest_route=%2Fwp%2Fv2%2Fcomments&post=23918"}],"version-history":[{"count":1,"href":"https:\/\/entretormentas.com\/index.php?rest_route=\/wp\/v2\/posts\/23918\/revisions"}],"predecessor-version":[{"id":23921,"href":"https:\/\/entretormentas.com\/index.php?rest_route=\/wp\/v2\/posts\/23918\/revisions\/23921"}],"wp:featuredmedia":[{"embeddable":true,"href":"https:\/\/entretormentas.com\/index.php?rest_route=\/wp\/v2\/media\/23920"}],"wp:attachment":[{"href":"https:\/\/entretormentas.com\/index.php?rest_route=%2Fwp%2Fv2%2Fmedia&parent=23918"}],"wp:term":[{"taxonomy":"category","embeddable":true,"href":"https:\/\/entretormentas.com\/index.php?rest_route=%2Fwp%2Fv2%2Fcategories&post=23918"},{"taxonomy":"post_tag","embeddable":true,"href":"https:\/\/entretormentas.com\/index.php?rest_route=%2Fwp%2Fv2%2Ftags&post=23918"}],"curies":[{"name":"wp","href":"https:\/\/api.w.org\/{rel}","templated":true}]}}