{"id":23922,"date":"2025-10-23T04:27:56","date_gmt":"2025-10-23T08:27:56","guid":{"rendered":"https:\/\/entretormentas.com\/?p=23922"},"modified":"2025-10-23T04:27:57","modified_gmt":"2025-10-23T08:27:57","slug":"del-mercado-san-sebastian-artesanos-participan-en-la-i-edicion-de-artesania-y-turismo-en-sambil-maracaibo","status":"publish","type":"post","link":"https:\/\/entretormentas.com\/del-mercado-san-sebastian-artesanos-participan-en-la-i-edicion-de-artesania-y-turismo-en-sambil-maracaibo\/","title":{"rendered":"\u00a1DEL MERCADO SAN SEBASTI\u00c1N! Artesanos participan en la I edici\u00f3n de Artesan\u00eda y Turismo en Sambil Maracaibo"},"content":{"rendered":"\n<p><strong>ENTRE TORMENTAS. <\/strong>Artistas del mercado San Sebasti\u00e1n, agro productores del Instituto para la Agricultura Urbana y Periurbana del municipio Maracaibo (IPAUPMA), y emprendedores del centro comercial Caribe Zulia mostraron sus trabajos artesanales durante los d\u00edas 17, 18 y 19 de octubre en la I Edici\u00f3n de Artesan\u00eda y Turismo realizada en el Centro Comercial Sambil de Maracaibo.<\/p>\n\n\n\n<p>La muestra artesanal estuvo organizada por la Direcci\u00f3n de Turismo de la alcald\u00eda Bolivariana de Maracaibo, con el fin de rendirle un homenaje a la cultura wayuu, en una exposici\u00f3n que agrup\u00f3 a 22 artesanos que dieron a conocer sus productos a m\u00e1s de 10 mil personas que visitaron la feria.<\/p>\n\n\n\n<p>La directora de Turismo de la alcald\u00eda bolivariana de Maracaibo, Karen Soto, inform\u00f3 que estos eventos seguir\u00e1n desarroll\u00e1ndose en diversos espacios de la ciudad con la finalidad de \u201cpermitir que cada uno de los artesanos y artistas puedan mostrar este trabajo maravilloso\u201d.<\/p>\n\n\n\n<figure class=\"wp-block-image size-full\"><img fetchpriority=\"high\" decoding=\"async\" width=\"879\" height=\"572\" src=\"https:\/\/entretormentas.com\/wp-content\/uploads\/2025\/10\/ARTESANOS2.jpeg\" alt=\"\" class=\"wp-image-23923\" srcset=\"https:\/\/entretormentas.com\/wp-content\/uploads\/2025\/10\/ARTESANOS2.jpeg 879w, https:\/\/entretormentas.com\/wp-content\/uploads\/2025\/10\/ARTESANOS2-300x195.jpeg 300w, https:\/\/entretormentas.com\/wp-content\/uploads\/2025\/10\/ARTESANOS2-768x500.jpeg 768w\" sizes=\"(max-width: 879px) 100vw, 879px\" \/><\/figure>\n\n\n\n<p>Durante los tres d\u00edas del evento, los presentes pudieron adquirir diversos regalos, carteras, llaveros y artesan\u00eda wayuu, adem\u00e1s de dulcer\u00eda criolla, zapatos, entre otros productos ofrecidos por los expositores.<\/p>\n\n\n\n<p>Adem\u00e1s, los presentes pudieron disfrutar de la presentaci\u00f3n de agrupaciones de gaita del Instituto Municipal de la Gaita \u201cRicardo Aguirre\u201d (IMGRA), Danzas La Rosaleda y los Vasallos de San Benito de Palermo de la parroquia Coquivacoa.<\/p>\n\n\n\n<p>Flor Araujo, promotora tur\u00edstica de la Direcci\u00f3n de Turismo, expres\u00f3 que \u201cdurante esta primera edici\u00f3n de Artesan\u00eda y Turismo predomin\u00f3 la artesan\u00eda wayuu que nos permiti\u00f3 ofrecer una gran variedad de art\u00edculos hechos a mano y con gran profesionalismo y creatividad\u201d.<\/p>\n\n\n\n<p>Yessica Rois, participante por Artesan\u00eda Ipagua, agradeci\u00f3 la participaci\u00f3n con su emprendimiento familiar al alcalde bolivariano Giancarlo Di Martino, calific\u00e1ndola como \u201cuna experiencia bonita y agradable que nos permiti\u00f3 dar a conocer lo que hacemos\u201d, expres\u00f3.<\/p>\n\n\n\n<p>Por su parte, Cristian Rodr\u00edguez, visitante del Centro Comercial asever\u00f3 que esta iniciativa de la Feria Artesanal permite conocer el trabajo de estos artesanos. \u201cpude comprar varios productos para regalar a varios familiares y amigos, lo que m\u00e1s me encant\u00f3 fueron las carteras wayuu por su variedad de modelo y colores\u201d.<br><strong><em>ET \/ Prensa Alcald\u00eda de Maracaibo<\/em><\/strong><\/p>\n","protected":false},"excerpt":{"rendered":"<p>ENTRE TORMENTAS. Artistas del mercado San Sebasti\u00e1n, agro productores del Instituto para la Agricultura Urbana&#8230;<\/p>\n","protected":false},"author":2,"featured_media":23924,"comment_status":"closed","ping_status":"open","sticky":false,"template":"","format":"standard","meta":{"footnotes":""},"categories":[57,1],"tags":[],"class_list":["post-23922","post","type-post","status-publish","format-standard","has-post-thumbnail","hentry","category-actualidad","category-regionales"],"_links":{"self":[{"href":"https:\/\/entretormentas.com\/index.php?rest_route=\/wp\/v2\/posts\/23922","targetHints":{"allow":["GET"]}}],"collection":[{"href":"https:\/\/entretormentas.com\/index.php?rest_route=\/wp\/v2\/posts"}],"about":[{"href":"https:\/\/entretormentas.com\/index.php?rest_route=\/wp\/v2\/types\/post"}],"author":[{"embeddable":true,"href":"https:\/\/entretormentas.com\/index.php?rest_route=\/wp\/v2\/users\/2"}],"replies":[{"embeddable":true,"href":"https:\/\/entretormentas.com\/index.php?rest_route=%2Fwp%2Fv2%2Fcomments&post=23922"}],"version-history":[{"count":1,"href":"https:\/\/entretormentas.com\/index.php?rest_route=\/wp\/v2\/posts\/23922\/revisions"}],"predecessor-version":[{"id":23925,"href":"https:\/\/entretormentas.com\/index.php?rest_route=\/wp\/v2\/posts\/23922\/revisions\/23925"}],"wp:featuredmedia":[{"embeddable":true,"href":"https:\/\/entretormentas.com\/index.php?rest_route=\/wp\/v2\/media\/23924"}],"wp:attachment":[{"href":"https:\/\/entretormentas.com\/index.php?rest_route=%2Fwp%2Fv2%2Fmedia&parent=23922"}],"wp:term":[{"taxonomy":"category","embeddable":true,"href":"https:\/\/entretormentas.com\/index.php?rest_route=%2Fwp%2Fv2%2Fcategories&post=23922"},{"taxonomy":"post_tag","embeddable":true,"href":"https:\/\/entretormentas.com\/index.php?rest_route=%2Fwp%2Fv2%2Ftags&post=23922"}],"curies":[{"name":"wp","href":"https:\/\/api.w.org\/{rel}","templated":true}]}}