{"id":23926,"date":"2025-10-23T04:31:16","date_gmt":"2025-10-23T08:31:16","guid":{"rendered":"https:\/\/entretormentas.com\/?p=23926"},"modified":"2025-10-23T04:31:17","modified_gmt":"2025-10-23T08:31:17","slug":"en-expozulia-mas-de-240-marcas-40-emprendedores-y-espacios-para-el-disfrute-familiar-desde-el-7-nov","status":"publish","type":"post","link":"https:\/\/entretormentas.com\/en-expozulia-mas-de-240-marcas-40-emprendedores-y-espacios-para-el-disfrute-familiar-desde-el-7-nov\/","title":{"rendered":"\u00a1EN EXPOZULIA! M\u00e1s de 240 marcas, 40 emprendedores y espacios para el disfrute familiar desde el 7-Nov"},"content":{"rendered":"\n<p><strong>ENTRE TORMENTAS. <\/strong>Teniendo como \u00e9nfasis al amor a la Virgen de la Chiquinquir\u00e1 y a los valores de familia y tradici\u00f3n, Expozulia ya est\u00e1 preparada para ser inaugurada el pr\u00f3ximo 7 de noviembre con m\u00e1s de 240 marcas, 40 emprendedores y espacios para el disfrute de toda la familia, teniendo como patrocinante oficial en su edici\u00f3n de 2025 a la Gobernaci\u00f3n del Zulia.<\/p>\n\n\n\n<p>La primera Dama del Zulia, Roselyn L\u00f3pez de Caldera, destac\u00f3 en un encuentro con la prensa, sobre la participaci\u00f3n activa y protag\u00f3nica de las instituciones que hacen vida en el estado y de artesanos y emprendedores en esta edici\u00f3n n\u00famero 43 de Expozulia, evento que se convirti\u00f3 en parte de la Feria de la Chiquinquir\u00e1.<\/p>\n\n\n\n<p>Resalt\u00f3 L\u00f3pez de Caldera que dentro de esta fiesta en la que est\u00e1n presentes marcas conocidas, pero tambi\u00e9n trabajadores de la artesan\u00eda y el emprendimiento, resalta un concepto dirigido a la mujer y a la familia.<\/p>\n\n\n\n<p>\u201cHay atracciones para ni\u00f1os, con sorpresas, entretenimiento para compartir en familia. Con ello queremos no solo rescatar y fortalecer los valores, sino que hablamos tambi\u00e9n de salud divirti\u00e9ndonos sanamente\u201d, enfatiz\u00f3 al manifestar que la programaci\u00f3n cuenta con actividades para el d\u00eda y la noche.<\/p>\n\n\n\n<figure class=\"wp-block-image size-large\"><img fetchpriority=\"high\" decoding=\"async\" width=\"1024\" height=\"768\" src=\"https:\/\/entretormentas.com\/wp-content\/uploads\/2025\/10\/EXPOZU2-1024x768.jpeg\" alt=\"\" class=\"wp-image-23927\" srcset=\"https:\/\/entretormentas.com\/wp-content\/uploads\/2025\/10\/EXPOZU2-1024x768.jpeg 1024w, https:\/\/entretormentas.com\/wp-content\/uploads\/2025\/10\/EXPOZU2-300x225.jpeg 300w, https:\/\/entretormentas.com\/wp-content\/uploads\/2025\/10\/EXPOZU2-768x576.jpeg 768w, https:\/\/entretormentas.com\/wp-content\/uploads\/2025\/10\/EXPOZU2.jpeg 1280w\" sizes=\"(max-width: 1024px) 100vw, 1024px\" \/><\/figure>\n\n\n\n<p><strong>CULTURA LOCAL<\/strong><br>El secretario de Cultura, Giovanny Villalobos, sostuvo que este encuentro expositivo dar\u00e1 muchas sorpresas a los visitantes, quienes se encontrar\u00e1n con artesanos y emprendedores, pero tambi\u00e9n con marcas consolidadas en el sector automotriz, metal\u00fargico, l\u00ednea blanca, entre otras de gran peso financiero.<\/p>\n\n\n\n<p>Dio a conocer que la Secretar\u00eda de Cultura y Relaciones Interinstitucionales de la Gobernaci\u00f3n, ser\u00e1 encargada de divulgar la cultura local, donde estar\u00e1n presentes el Sistema de Orquestas y Coros Juvenil e Infantil, grupos de guaracha y de la reina del folclor zuliano: la gaita, con 60 agrupaciones de adultos y 25 infantiles y juveniles.<\/p>\n\n\n\n<p>Toda esta programaci\u00f3n se une al Encendido de Bellavista, de plazas y parques, pero sobre todo de homenaje a lo m\u00e1s sagrado: la Virgen de la Chiquinquir\u00e1, puntualiz\u00f3 Villalobos.<\/p>\n\n\n\n<p>\u201cVamos a tener un despliegue importante de polic\u00edas, de enfermeros, de m\u00e9dicos, de ambulancias, que ha decidido el Gobernador del estado Zulia, Luis Caldera, para acompa\u00f1ar a la celebraci\u00f3n de nuestra China bella, a la Chiquinquir\u00e1: Exhortamos al pueblo del Zulia a que oremos y tengamos un fin de a\u00f1o maravilloso, en paz y con mucha productividad\u00bb, agreg\u00f3.<\/p>\n\n\n\n<p>El director de Expozulia, Rafael Gudi\u00f1o, anunci\u00f3 la participaci\u00f3n de 10 estados del pa\u00eds y refiri\u00f3 que las sorpresas para los visitantes son desde la entrada hasta el final: \u201cExpozulia traer\u00e1 sorpresa desde que entras al Tibisay, con una acceso totalmente gratis, hasta que llegas al \u00e1rea de la playa frente al Lago\u201d.<br><strong><em>ET \/ Nota de Prensa<\/em><\/strong><\/p>\n","protected":false},"excerpt":{"rendered":"<p>ENTRE TORMENTAS. Teniendo como \u00e9nfasis al amor a la Virgen de la Chiquinquir\u00e1 y a&#8230;<\/p>\n","protected":false},"author":2,"featured_media":23928,"comment_status":"closed","ping_status":"open","sticky":false,"template":"","format":"standard","meta":{"footnotes":""},"categories":[57,1],"tags":[],"class_list":["post-23926","post","type-post","status-publish","format-standard","has-post-thumbnail","hentry","category-actualidad","category-regionales"],"_links":{"self":[{"href":"https:\/\/entretormentas.com\/index.php?rest_route=\/wp\/v2\/posts\/23926","targetHints":{"allow":["GET"]}}],"collection":[{"href":"https:\/\/entretormentas.com\/index.php?rest_route=\/wp\/v2\/posts"}],"about":[{"href":"https:\/\/entretormentas.com\/index.php?rest_route=\/wp\/v2\/types\/post"}],"author":[{"embeddable":true,"href":"https:\/\/entretormentas.com\/index.php?rest_route=\/wp\/v2\/users\/2"}],"replies":[{"embeddable":true,"href":"https:\/\/entretormentas.com\/index.php?rest_route=%2Fwp%2Fv2%2Fcomments&post=23926"}],"version-history":[{"count":1,"href":"https:\/\/entretormentas.com\/index.php?rest_route=\/wp\/v2\/posts\/23926\/revisions"}],"predecessor-version":[{"id":23929,"href":"https:\/\/entretormentas.com\/index.php?rest_route=\/wp\/v2\/posts\/23926\/revisions\/23929"}],"wp:featuredmedia":[{"embeddable":true,"href":"https:\/\/entretormentas.com\/index.php?rest_route=\/wp\/v2\/media\/23928"}],"wp:attachment":[{"href":"https:\/\/entretormentas.com\/index.php?rest_route=%2Fwp%2Fv2%2Fmedia&parent=23926"}],"wp:term":[{"taxonomy":"category","embeddable":true,"href":"https:\/\/entretormentas.com\/index.php?rest_route=%2Fwp%2Fv2%2Fcategories&post=23926"},{"taxonomy":"post_tag","embeddable":true,"href":"https:\/\/entretormentas.com\/index.php?rest_route=%2Fwp%2Fv2%2Ftags&post=23926"}],"curies":[{"name":"wp","href":"https:\/\/api.w.org\/{rel}","templated":true}]}}