{"id":23930,"date":"2025-10-23T04:34:08","date_gmt":"2025-10-23T08:34:08","guid":{"rendered":"https:\/\/entretormentas.com\/?p=23930"},"modified":"2025-10-23T04:34:09","modified_gmt":"2025-10-23T08:34:09","slug":"modernizacion-vial-alcaldia-de-maracaibo-ha-instalado-84-semaforos-digitales","status":"publish","type":"post","link":"https:\/\/entretormentas.com\/modernizacion-vial-alcaldia-de-maracaibo-ha-instalado-84-semaforos-digitales\/","title":{"rendered":"\u00a1MODERNIZACI\u00d3N VIAL! Alcald\u00eda de Maracaibo ha instalado 84 sem\u00e1foros digitales"},"content":{"rendered":"\n<p><strong>ENTRE TORMENTAS.<\/strong> El plan de modernizaci\u00f3n de Maracaibo avanza con la instalaci\u00f3n de sem\u00e1foros digitales en distintos puntos, como parte de la programaci\u00f3n que cumple la Alcald\u00eda de Maracaibo a trav\u00e9s de Instituto Municipal de Transporte Colectivo y Urbano de Maracaibo (IMTCUMA)<br>Hasta ahora est\u00e1n operativos 84 sem\u00e1foros con tecnolog\u00eda LED, autorregulaci\u00f3n de brillo, entre otras caracter\u00edsticas que los convierten en dispositivos vanguardistas.<\/p>\n\n\n\n<p>Seg\u00fan informaci\u00f3n aportada por Rafael Larez, presidente del IMTCUMA, las m\u00e1s recientes instalaciones de sem\u00e1foros incluyen: la esquina de 5 de Julio con Delicias donde fue entregada la plaza San Jos\u00e9 Gregorio Hern\u00e1ndez, en honor a quien se convirti\u00f3 en uno de los primeros santos venezolanos, obra materializada en perfecta alianza Alcald\u00eda de Maracaibo y sector privado.<\/p>\n\n\n\n<p>Tambi\u00e9n cuentan con este dispositivo de regulaci\u00f3n de tr\u00e1nsito las calles 79 y 78, as\u00ed como la Avenida Delicias Norte con Prolongaci\u00f3n Circunvalaci\u00f3n 2.<\/p>\n\n\n\n<figure class=\"wp-block-image size-full\"><img fetchpriority=\"high\" decoding=\"async\" width=\"704\" height=\"446\" src=\"https:\/\/entretormentas.com\/wp-content\/uploads\/2025\/10\/DISEMI2.jpeg\" alt=\"\" class=\"wp-image-23931\" srcset=\"https:\/\/entretormentas.com\/wp-content\/uploads\/2025\/10\/DISEMI2.jpeg 704w, https:\/\/entretormentas.com\/wp-content\/uploads\/2025\/10\/DISEMI2-300x190.jpeg 300w\" sizes=\"(max-width: 704px) 100vw, 704px\" \/><\/figure>\n\n\n\n<p>Seg\u00fan informaci\u00f3n aportada por Rafael Larez, presidente del IMTCUMA, los sem\u00e1foros disponen de pantallas de mayor durabilidad, menor consumo el\u00e9ctrico y contribuyen a mejorar y modernizar la infraestructura vial.<\/p>\n\n\n\n<p>En este sentido el alcalde bolivariano de Maracaibo, Giancarlo Di Martino especific\u00f3, \u201ctodo es parte de una ciudad vivible, progresista; una ciudad que merecemos todos, nuestros hijos, nietos, todos\u201d, apunt\u00f3.<\/p>\n\n\n\n<p>Este proceso de semaforizaci\u00f3n, explic\u00f3 el alcalde, lo emprende la Alcald\u00eda en respuesta a las exigencias de los ciudadanos, que reclaman orden en el tr\u00e1nsito y piden a la municipalidad tomar medidas para reducir los \u00edndices de accidentes viales.<br>El alcalde Maracaibo explic\u00f3 que la semaforizaci\u00f3n est\u00e1 acompa\u00f1ada de un plan de se\u00f1alizaci\u00f3n y demarcaci\u00f3n de calles y avenidas.<\/p>\n\n\n\n<p>Se\u00f1al\u00f3 que, a\u00fan falta mucho por hacer, pero asegur\u00f3 que con la ayuda y participaci\u00f3n activa del sector privado y de los marabinos, \u201csin lugar a dudas vamos a consolidar a Maracaibo como la primera ciudad de Venezuela\u201d, asever\u00f3.<br><strong><em>ET \/ Prensa Alcald\u00eda de Maracaibo<\/em><\/strong><\/p>\n\n\n\n<p><\/p>\n","protected":false},"excerpt":{"rendered":"<p>ENTRE TORMENTAS. El plan de modernizaci\u00f3n de Maracaibo avanza con la instalaci\u00f3n de sem\u00e1foros digitales&#8230;<\/p>\n","protected":false},"author":2,"featured_media":23932,"comment_status":"closed","ping_status":"open","sticky":false,"template":"","format":"standard","meta":{"footnotes":""},"categories":[57,1],"tags":[],"class_list":["post-23930","post","type-post","status-publish","format-standard","has-post-thumbnail","hentry","category-actualidad","category-regionales"],"_links":{"self":[{"href":"https:\/\/entretormentas.com\/index.php?rest_route=\/wp\/v2\/posts\/23930","targetHints":{"allow":["GET"]}}],"collection":[{"href":"https:\/\/entretormentas.com\/index.php?rest_route=\/wp\/v2\/posts"}],"about":[{"href":"https:\/\/entretormentas.com\/index.php?rest_route=\/wp\/v2\/types\/post"}],"author":[{"embeddable":true,"href":"https:\/\/entretormentas.com\/index.php?rest_route=\/wp\/v2\/users\/2"}],"replies":[{"embeddable":true,"href":"https:\/\/entretormentas.com\/index.php?rest_route=%2Fwp%2Fv2%2Fcomments&post=23930"}],"version-history":[{"count":1,"href":"https:\/\/entretormentas.com\/index.php?rest_route=\/wp\/v2\/posts\/23930\/revisions"}],"predecessor-version":[{"id":23933,"href":"https:\/\/entretormentas.com\/index.php?rest_route=\/wp\/v2\/posts\/23930\/revisions\/23933"}],"wp:featuredmedia":[{"embeddable":true,"href":"https:\/\/entretormentas.com\/index.php?rest_route=\/wp\/v2\/media\/23932"}],"wp:attachment":[{"href":"https:\/\/entretormentas.com\/index.php?rest_route=%2Fwp%2Fv2%2Fmedia&parent=23930"}],"wp:term":[{"taxonomy":"category","embeddable":true,"href":"https:\/\/entretormentas.com\/index.php?rest_route=%2Fwp%2Fv2%2Fcategories&post=23930"},{"taxonomy":"post_tag","embeddable":true,"href":"https:\/\/entretormentas.com\/index.php?rest_route=%2Fwp%2Fv2%2Ftags&post=23930"}],"curies":[{"name":"wp","href":"https:\/\/api.w.org\/{rel}","templated":true}]}}