{"id":23983,"date":"2025-10-24T04:37:25","date_gmt":"2025-10-24T08:37:25","guid":{"rendered":"https:\/\/entretormentas.com\/?p=23983"},"modified":"2025-10-24T04:37:25","modified_gmt":"2025-10-24T08:37:25","slug":"gobernacion-activa-nuevas-luminarias-del-corredor-vial-hugo-chavez-benefician-cinco-parroquias-del-oeste-de-maracaibo","status":"publish","type":"post","link":"https:\/\/entretormentas.com\/gobernacion-activa-nuevas-luminarias-del-corredor-vial-hugo-chavez-benefician-cinco-parroquias-del-oeste-de-maracaibo\/","title":{"rendered":"\u00a1GOBERNACI\u00d3N ACTIVA! Nuevas luminarias del Corredor vial Hugo Ch\u00e1vez benefician cinco parroquias del oeste de Maracaibo"},"content":{"rendered":"\n<p><strong>ENTRE TORMENTAS.<\/strong> La Circunvalaci\u00f3n 3, oficialmente denominada Corredor vial Hugo Ch\u00e1vez, ha sido objeto de una significativa mejora en su iluminaci\u00f3n, vital para la movilidad diaria de miles de residentes en el oeste de Maracaibo.<\/p>\n\n\n\n<p>Esta iniciativa se enmarca dentro del Plan de Iluminaci\u00f3n Vial impulsado por el gobernador Luis Caldera y en el convenio Gobernaci\u00f3n del Zulia &#8211; Corpoelec, instrumento clave para los resultados.<\/p>\n\n\n\n<p>La recuperaci\u00f3n del alumbrado en esta v\u00eda de nueve kil\u00f3metros impacta directamente a una vasta poblaci\u00f3n, conectando tres importantes parroquias del municipio Maracaibo: Luis Hurtado Higuera, Ra\u00fal Leoni y Francisco Eugenio Bustamante.<\/p>\n\n\n\n<p>De particular relevancia es la parroquia Francisco Eugenio Bustamante, destacada por ser la de mayor n\u00famero de habitantes en el estado Zulia y la segunda m\u00e1s poblada a nivel nacional, solo superada por Petare.<\/p>\n\n\n\n<figure class=\"wp-block-image size-large\"><img fetchpriority=\"high\" decoding=\"async\" width=\"680\" height=\"1024\" src=\"https:\/\/entretormentas.com\/wp-content\/uploads\/2025\/10\/LUMINA1-680x1024.jpeg\" alt=\"\" class=\"wp-image-23984\" srcset=\"https:\/\/entretormentas.com\/wp-content\/uploads\/2025\/10\/LUMINA1-680x1024.jpeg 680w, https:\/\/entretormentas.com\/wp-content\/uploads\/2025\/10\/LUMINA1-199x300.jpeg 199w, https:\/\/entretormentas.com\/wp-content\/uploads\/2025\/10\/LUMINA1.jpeg 712w\" sizes=\"(max-width: 680px) 100vw, 680px\" \/><\/figure>\n\n\n\n<p>Adicionalmente, el corredor vial refuerza la conectividad al facilitar el acceso al l\u00edmite oeste del municipio San Francisco y se extiende el beneficio lum\u00ednico a dos parroquias marabinas m\u00e1s: Venancio Pulgar y Antonio Borjas Romero.<\/p>\n\n\n\n<p><strong>PROYECCIONES Y GESTI\u00d3N<\/strong><br>El secretario de Asuntos El\u00e9ctricos, Rafael Colmen\u00e1rez, enfatiz\u00f3 que la culminaci\u00f3n de la restituci\u00f3n del alumbrado en este tramo subraya la pol\u00edtica del gobernador Luis Caldera de consolidar los servicios p\u00fablicos, la calidad de vida y la seguridad de las parroquias del oeste maracaibero.<\/p>\n\n\n\n<p>Aunque la fase principal de restituci\u00f3n de luces ha finalizado, el compromiso del gobierno nacional, regional y local para la mejora integral de la Circunvalaci\u00f3n 3 contin\u00faa.<\/p>\n\n\n\n<p>Se proyecta, a corto plazo, la instalaci\u00f3n de postes adicionales en los laterales de la v\u00eda con el fin de colocar un mayor n\u00famero de luminarias.<br>El objetivo es consolidar la visibilidad y el paisajismo nocturno, brindando una atenci\u00f3n integral a los zulianos.<br><strong><em>ET \/ Nota de Prensa<\/em><\/strong><\/p>\n","protected":false},"excerpt":{"rendered":"<p>ENTRE TORMENTAS. La Circunvalaci\u00f3n 3, oficialmente denominada Corredor vial Hugo Ch\u00e1vez, ha sido objeto de&#8230;<\/p>\n","protected":false},"author":2,"featured_media":23985,"comment_status":"closed","ping_status":"open","sticky":false,"template":"","format":"standard","meta":{"footnotes":""},"categories":[57,1],"tags":[],"class_list":["post-23983","post","type-post","status-publish","format-standard","has-post-thumbnail","hentry","category-actualidad","category-regionales"],"_links":{"self":[{"href":"https:\/\/entretormentas.com\/index.php?rest_route=\/wp\/v2\/posts\/23983","targetHints":{"allow":["GET"]}}],"collection":[{"href":"https:\/\/entretormentas.com\/index.php?rest_route=\/wp\/v2\/posts"}],"about":[{"href":"https:\/\/entretormentas.com\/index.php?rest_route=\/wp\/v2\/types\/post"}],"author":[{"embeddable":true,"href":"https:\/\/entretormentas.com\/index.php?rest_route=\/wp\/v2\/users\/2"}],"replies":[{"embeddable":true,"href":"https:\/\/entretormentas.com\/index.php?rest_route=%2Fwp%2Fv2%2Fcomments&post=23983"}],"version-history":[{"count":1,"href":"https:\/\/entretormentas.com\/index.php?rest_route=\/wp\/v2\/posts\/23983\/revisions"}],"predecessor-version":[{"id":23986,"href":"https:\/\/entretormentas.com\/index.php?rest_route=\/wp\/v2\/posts\/23983\/revisions\/23986"}],"wp:featuredmedia":[{"embeddable":true,"href":"https:\/\/entretormentas.com\/index.php?rest_route=\/wp\/v2\/media\/23985"}],"wp:attachment":[{"href":"https:\/\/entretormentas.com\/index.php?rest_route=%2Fwp%2Fv2%2Fmedia&parent=23983"}],"wp:term":[{"taxonomy":"category","embeddable":true,"href":"https:\/\/entretormentas.com\/index.php?rest_route=%2Fwp%2Fv2%2Fcategories&post=23983"},{"taxonomy":"post_tag","embeddable":true,"href":"https:\/\/entretormentas.com\/index.php?rest_route=%2Fwp%2Fv2%2Ftags&post=23983"}],"curies":[{"name":"wp","href":"https:\/\/api.w.org\/{rel}","templated":true}]}}