{"id":24031,"date":"2025-10-25T06:37:54","date_gmt":"2025-10-25T10:37:54","guid":{"rendered":"https:\/\/entretormentas.com\/?p=24031"},"modified":"2025-10-25T06:37:54","modified_gmt":"2025-10-25T10:37:54","slug":"alcaldia-activa-san-francisco-mejora-vialidad-con-mas-de-cinco-mil-toneladas-de-asfalto","status":"publish","type":"post","link":"https:\/\/entretormentas.com\/alcaldia-activa-san-francisco-mejora-vialidad-con-mas-de-cinco-mil-toneladas-de-asfalto\/","title":{"rendered":"\u00a1ALCALD\u00cdA ACTIVA! San Francisco mejora vialidad con m\u00e1s de cinco mil toneladas de asfalto"},"content":{"rendered":"\n<p><strong>ENTRE TORMENTAS. <\/strong>Unas cinco mil toneladas de asfalto caliente est\u00e1n siendo colocadas de manera simult\u00e1nea en siete sectores populares del municipio San Francisco, como parte de los trabajos de recuperaci\u00f3n vial que adelanta la gesti\u00f3n del alcalde H\u00e9ctor Soto.<\/p>\n\n\n\n<p>Esta intervenci\u00f3n, contemplada en tres proyectos de pavimentaci\u00f3n, abarca los sectores Negro Primero, Los Cactus, El Silencio, San Felipe III, Los Navas, La Popular y Dalia de Fern\u00e1ndez, ubicados en las parroquias Domitila Flores y San Francisco.<\/p>\n\n\n\n<p>Adem\u00e1s del reasfaltado, se ejecutan labores de limpieza, construcci\u00f3n y pintura de brocales y aceras, demarcaci\u00f3n, acondicionamiento de bocas de visita y colocaci\u00f3n de tachas reflectivas, garantizando as\u00ed una rehabilitaci\u00f3n vial integral en beneficio de los habitantes.<\/p>\n\n\n\n<p>El Alcalde Soto destac\u00f3 que estas obras reflejan el compromiso de su gesti\u00f3n con el bienestar de los sanfranciscanos: \u201cEstamos construyendo una ciudad m\u00e1s digna y segura. Cada calle recuperada es una victoria para el pueblo, porque mejora su movilidad, su entorno y su calidad de vida. Seguimos trabajando junto al Gobernador Tawala Luis Caldera por amor al Zulia y a San Francisco.\u201d<\/p>\n\n\n\n<figure class=\"wp-block-image size-full\"><img fetchpriority=\"high\" decoding=\"async\" width=\"750\" height=\"1000\" src=\"https:\/\/entretormentas.com\/wp-content\/uploads\/2025\/10\/viasanfra3.jpeg\" alt=\"\" class=\"wp-image-24032\" srcset=\"https:\/\/entretormentas.com\/wp-content\/uploads\/2025\/10\/viasanfra3.jpeg 750w, https:\/\/entretormentas.com\/wp-content\/uploads\/2025\/10\/viasanfra3-225x300.jpeg 225w\" sizes=\"(max-width: 750px) 100vw, 750px\" \/><\/figure>\n\n\n\n<p>Con estas acciones, se optimiza el servicio del transporte p\u00fablico en las rutas Coromoto, La Polar y Circunvalaci\u00f3n 1, tanto en las modalidades de carros por puesto, vans y microbuses, adem\u00e1s de facilitar la movilidad de los conductores particulares.<\/p>\n\n\n\n<p>Esta obra se enmarca en el Plan de la Patria de las 7 Transformaciones (7T), orientado a consolidar el buen vivir del pueblo, bajo la articulaci\u00f3n de los diferentes niveles de gobierno: nacional, regional y municipal, junto al Poder Comunal, protagonista esencial de este proceso de dignificaci\u00f3n que avanza en el pa\u00eds.<\/p>\n\n\n\n<p><strong>GASIFICACI\u00d3N<\/strong><br>De forma paralela a los trabajos de asfaltado en el sector San Felipe III, el Instituto P\u00fablico Municipal de Gas (IPMGAS) ejecut\u00f3 la rehabilitaci\u00f3n y acondicionamiento de la red de gas, beneficiando a m\u00e1s de 700 hogares sanfranciscanos con la mejora y conectividad del servicio.<br><strong><em>ET \/ Prensa Alcald\u00eda de San Francisco<\/em><\/strong><\/p>\n","protected":false},"excerpt":{"rendered":"<p>ENTRE TORMENTAS. Unas cinco mil toneladas de asfalto caliente est\u00e1n siendo colocadas de manera simult\u00e1nea&#8230;<\/p>\n","protected":false},"author":2,"featured_media":24033,"comment_status":"closed","ping_status":"open","sticky":false,"template":"","format":"standard","meta":{"footnotes":""},"categories":[57,1],"tags":[79,389,154,388],"class_list":["post-24031","post","type-post","status-publish","format-standard","has-post-thumbnail","hentry","category-actualidad","category-regionales","tag-alcaldia-de-san-francisco","tag-hector-soto-2","tag-san-francisco","tag-vialidad"],"_links":{"self":[{"href":"https:\/\/entretormentas.com\/index.php?rest_route=\/wp\/v2\/posts\/24031","targetHints":{"allow":["GET"]}}],"collection":[{"href":"https:\/\/entretormentas.com\/index.php?rest_route=\/wp\/v2\/posts"}],"about":[{"href":"https:\/\/entretormentas.com\/index.php?rest_route=\/wp\/v2\/types\/post"}],"author":[{"embeddable":true,"href":"https:\/\/entretormentas.com\/index.php?rest_route=\/wp\/v2\/users\/2"}],"replies":[{"embeddable":true,"href":"https:\/\/entretormentas.com\/index.php?rest_route=%2Fwp%2Fv2%2Fcomments&post=24031"}],"version-history":[{"count":1,"href":"https:\/\/entretormentas.com\/index.php?rest_route=\/wp\/v2\/posts\/24031\/revisions"}],"predecessor-version":[{"id":24034,"href":"https:\/\/entretormentas.com\/index.php?rest_route=\/wp\/v2\/posts\/24031\/revisions\/24034"}],"wp:featuredmedia":[{"embeddable":true,"href":"https:\/\/entretormentas.com\/index.php?rest_route=\/wp\/v2\/media\/24033"}],"wp:attachment":[{"href":"https:\/\/entretormentas.com\/index.php?rest_route=%2Fwp%2Fv2%2Fmedia&parent=24031"}],"wp:term":[{"taxonomy":"category","embeddable":true,"href":"https:\/\/entretormentas.com\/index.php?rest_route=%2Fwp%2Fv2%2Fcategories&post=24031"},{"taxonomy":"post_tag","embeddable":true,"href":"https:\/\/entretormentas.com\/index.php?rest_route=%2Fwp%2Fv2%2Ftags&post=24031"}],"curies":[{"name":"wp","href":"https:\/\/api.w.org\/{rel}","templated":true}]}}