{"id":24035,"date":"2025-10-25T06:42:19","date_gmt":"2025-10-25T10:42:19","guid":{"rendered":"https:\/\/entretormentas.com\/?p=24035"},"modified":"2025-10-25T06:42:20","modified_gmt":"2025-10-25T10:42:20","slug":"alcaldia-y-concejo-municipal-realizan-conversatorio-un-nuevo-plan-de-desarrollo-urbano-para-maracaibo","status":"publish","type":"post","link":"https:\/\/entretormentas.com\/alcaldia-y-concejo-municipal-realizan-conversatorio-un-nuevo-plan-de-desarrollo-urbano-para-maracaibo\/","title":{"rendered":"\u00a1ALCALD\u00cdA Y CONCEJO MUNICIPAL! Realizan conversatorio \u201cUn nuevo Plan de Desarrollo Urbano para Maracaibo\u201d"},"content":{"rendered":"\n<p><strong>ENTRE TORMENTAS. <\/strong>El debate sobre la actualizaci\u00f3n del Plan de Desarrollo Urbano del Municipio Maracaibo (PDUM), una ordenanza regulatoria que lleva m\u00e1s de 20 a\u00f1os sin ser actualizada, ha entrado en una fase activa de discusi\u00f3n y construcci\u00f3n, reuniendo a un extenso espectro de actores institucionales, gremiales y del Poder Popular.<\/p>\n\n\n\n<p>En el marco de la 21\u00aa Feria Internacional del Libro de Venezuela (Filven), la Alcald\u00eda Bolivariana de Maracaibo y el Concejo Municipal de Maracaibo desarrollaron este viernes el conversatorio \u201cUn nuevo Plan de Desarrollo Urbano para Maracaibo\u201d, realizado en la Biblioteca P\u00fablica Mar\u00eda Calca\u00f1o, sala Judith Valencia.<\/p>\n\n\n\n<p>El encuentro se centr\u00f3 en la planificaci\u00f3n estrat\u00e9gica para construir una ciudad m\u00e1s moderna, organizada y conectada con las necesidades reales de sus ciudadanos, impulsando la actualizaci\u00f3n del Plan de Desarrollo Urbano del Municipio Maracaibo (PDUM), una normativa que lleva un retraso de dos d\u00e9cadas.<\/p>\n\n\n\n<p>El evento cont\u00f3 con la participaci\u00f3n de Jessy Gasc\u00f3n, presidenta del Concejo Municipal de Maracaibo; Rafael Valcarcel, vicepresidente del Consejo Local de Planificaci\u00f3n P\u00fablica y representante del alcalde Giancarlo Di Martino; y V\u00edctor Arrieta, concejal y presidente de la Comisi\u00f3n de Urbanismo del Concejo Municipal.<\/p>\n\n\n\n<p>La propuesta busca generar una proyecci\u00f3n de ciudad a 10 o 15 a\u00f1os, garantizando la participaci\u00f3n de todos los niveles de gobierno, as\u00ed como de gremios, instituciones, representantes del Poder Popular y el sector privado.<\/p>\n\n\n\n<p>Gasc\u00f3n destac\u00f3 que el proceso se est\u00e1 desarrollando bajo una metodolog\u00eda amplia y participativa, orientada a que la nueva ordenanza recoja las aspiraciones de los diversos sectores de la sociedad marabina.<\/p>\n\n\n\n<p>\u201cHoy estamos dando una primera mirada a la estructura de discusi\u00f3n. Lo m\u00e1s importante es que el debate sobre la reforma del Plan de Desarrollo Urbano convoque a todos los sectores de la ciudad. Tenemos el reto de discutir, incluso, la forma en que vamos a debatir este plan\u201d, afirm\u00f3 la edil.<\/p>\n\n\n\n<figure class=\"wp-block-image size-large\"><img fetchpriority=\"high\" decoding=\"async\" width=\"1024\" height=\"683\" src=\"https:\/\/entretormentas.com\/wp-content\/uploads\/2025\/10\/alcaconce2-1024x683.jpeg\" alt=\"\" class=\"wp-image-24036\" srcset=\"https:\/\/entretormentas.com\/wp-content\/uploads\/2025\/10\/alcaconce2-1024x683.jpeg 1024w, https:\/\/entretormentas.com\/wp-content\/uploads\/2025\/10\/alcaconce2-300x200.jpeg 300w, https:\/\/entretormentas.com\/wp-content\/uploads\/2025\/10\/alcaconce2-768x512.jpeg 768w, https:\/\/entretormentas.com\/wp-content\/uploads\/2025\/10\/alcaconce2.jpeg 1080w\" sizes=\"(max-width: 1024px) 100vw, 1024px\" \/><\/figure>\n\n\n\n<p>Asimismo, subray\u00f3 que el nuevo marco normativo debe integrar temas transversales como la protecci\u00f3n patrimonial, movilidad urbana, desarrollo econ\u00f3mico, turismo, servicios p\u00fablicos, infraestructura y seguridad ciudadana, con el fin de orientar una gesti\u00f3n moderna y sostenible.<\/p>\n\n\n\n<p>\u201cEsta es una oportunidad para so\u00f1ar una ciudad distinta, una Maracaibo pr\u00f3spera, segura y respetuosa de su identidad multicultural\u201d, a\u00f1adi\u00f3 Gasc\u00f3n.<\/p>\n\n\n\n<p>Por su parte, Rafael Valcarcel destac\u00f3 la visi\u00f3n humanista del alcalde Di Martino y la prioridad de atender los problemas estructurales que afectan a la poblaci\u00f3n.<\/p>\n\n\n\n<p>\u201cEn el diagn\u00f3stico para el Plan de Inversiones 2026 se reflejan necesidades en aguas servidas, asfaltado, gasificaci\u00f3n, alumbrado e infraestructura. El alcalde ya viene trabajando en la recuperaci\u00f3n de canchas, plazas y parques, como parte de un compromiso integral con la ciudad\u201d, se\u00f1al\u00f3.<\/p>\n\n\n\n<p>Valcarcel reafirm\u00f3 que la gesti\u00f3n municipal mantiene como eje central la transformaci\u00f3n del municipio, a trav\u00e9s de pol\u00edticas de limpieza, saneamiento y manejo adecuado de los desechos s\u00f3lidos, pilares fundamentales para la construcci\u00f3n de una Maracaibo m\u00e1s habitable y sustentable.<br><strong><em>ET \/ Prensa Alcald\u00eda de Maracaibo<\/em><\/strong><\/p>\n\n\n\n<p><\/p>\n","protected":false},"excerpt":{"rendered":"<p>ENTRE TORMENTAS. El debate sobre la actualizaci\u00f3n del Plan de Desarrollo Urbano del Municipio Maracaibo&#8230;<\/p>\n","protected":false},"author":2,"featured_media":24037,"comment_status":"closed","ping_status":"open","sticky":false,"template":"","format":"standard","meta":{"footnotes":""},"categories":[57,1],"tags":[367,115,390,119],"class_list":["post-24035","post","type-post","status-publish","format-standard","has-post-thumbnail","hentry","category-actualidad","category-regionales","tag-alcaldia-2","tag-concejo-municipal","tag-gascon","tag-maracaibo"],"_links":{"self":[{"href":"https:\/\/entretormentas.com\/index.php?rest_route=\/wp\/v2\/posts\/24035","targetHints":{"allow":["GET"]}}],"collection":[{"href":"https:\/\/entretormentas.com\/index.php?rest_route=\/wp\/v2\/posts"}],"about":[{"href":"https:\/\/entretormentas.com\/index.php?rest_route=\/wp\/v2\/types\/post"}],"author":[{"embeddable":true,"href":"https:\/\/entretormentas.com\/index.php?rest_route=\/wp\/v2\/users\/2"}],"replies":[{"embeddable":true,"href":"https:\/\/entretormentas.com\/index.php?rest_route=%2Fwp%2Fv2%2Fcomments&post=24035"}],"version-history":[{"count":1,"href":"https:\/\/entretormentas.com\/index.php?rest_route=\/wp\/v2\/posts\/24035\/revisions"}],"predecessor-version":[{"id":24038,"href":"https:\/\/entretormentas.com\/index.php?rest_route=\/wp\/v2\/posts\/24035\/revisions\/24038"}],"wp:featuredmedia":[{"embeddable":true,"href":"https:\/\/entretormentas.com\/index.php?rest_route=\/wp\/v2\/media\/24037"}],"wp:attachment":[{"href":"https:\/\/entretormentas.com\/index.php?rest_route=%2Fwp%2Fv2%2Fmedia&parent=24035"}],"wp:term":[{"taxonomy":"category","embeddable":true,"href":"https:\/\/entretormentas.com\/index.php?rest_route=%2Fwp%2Fv2%2Fcategories&post=24035"},{"taxonomy":"post_tag","embeddable":true,"href":"https:\/\/entretormentas.com\/index.php?rest_route=%2Fwp%2Fv2%2Ftags&post=24035"}],"curies":[{"name":"wp","href":"https:\/\/api.w.org\/{rel}","templated":true}]}}