{"id":24039,"date":"2025-10-25T06:48:40","date_gmt":"2025-10-25T10:48:40","guid":{"rendered":"https:\/\/entretormentas.com\/?p=24039"},"modified":"2025-10-25T06:48:40","modified_gmt":"2025-10-25T10:48:40","slug":"fortaleciendo-la-identidad-indigena-gobernacion-despliega-jornada-especial-de-cedulacion-en-la-alta-guajira","status":"publish","type":"post","link":"https:\/\/entretormentas.com\/fortaleciendo-la-identidad-indigena-gobernacion-despliega-jornada-especial-de-cedulacion-en-la-alta-guajira\/","title":{"rendered":"\u00a1FORTALECIENDO LA IDENTIDAD IND\u00cdGENA! Gobernaci\u00f3n despliega jornada especial de cedulaci\u00f3n en la Alta Guajira"},"content":{"rendered":"\n<p><strong>ENTRE TORMENTAS. <\/strong>En el marco de la Ruta Nacional de Cedulaci\u00f3n Ind\u00edgena, la Gobernaci\u00f3n del estado Zulia impuls\u00f3, junto al Ministerio del Poder Popular para los Pueblos Ind\u00edgenas (Minppi), una jornada especial en la comunidad wayuu de Cojoro, parroquia Alta Guajira, con el objetivo de garantizar el derecho a la identidad de ni\u00f1os, j\u00f3venes y adultos pertenecientes a los pueblos originarios.<\/p>\n\n\n\n<p>Durante esta iniciativa, articulada con el Servicio Administrativo de Identificaci\u00f3n, Migraci\u00f3n y Extranjer\u00eda (SAIME), el Consejo Nacional Electoral (CNE) y diversas instancias regionales y comunales, se han emitido mil 552 c\u00e9dulas de identidad, de las dos mil 450 previstas en esta jornada. La alta participaci\u00f3n motiv\u00f3 su extensi\u00f3n por una semana m\u00e1s.<\/p>\n\n\n\n<p>Los procesos atendidos incluyeron la renovaci\u00f3n de documentos vencidos y la cedulaci\u00f3n por primera vez para j\u00f3venes entre 9 y 17 a\u00f1os. Del total de documentos entregados, 137 corresponden a ni\u00f1os y mil 115 a adultos.<\/p>\n\n\n\n<figure class=\"wp-block-image size-large\"><img fetchpriority=\"high\" decoding=\"async\" width=\"1024\" height=\"768\" src=\"https:\/\/entretormentas.com\/wp-content\/uploads\/2025\/10\/saimegua3-1024x768.jpeg\" alt=\"\" class=\"wp-image-24040\" srcset=\"https:\/\/entretormentas.com\/wp-content\/uploads\/2025\/10\/saimegua3-1024x768.jpeg 1024w, https:\/\/entretormentas.com\/wp-content\/uploads\/2025\/10\/saimegua3-300x225.jpeg 300w, https:\/\/entretormentas.com\/wp-content\/uploads\/2025\/10\/saimegua3-768x576.jpeg 768w, https:\/\/entretormentas.com\/wp-content\/uploads\/2025\/10\/saimegua3.jpeg 1280w\" sizes=\"(max-width: 1024px) 100vw, 1024px\" \/><\/figure>\n\n\n\n<p>El gobernador del Zulia, Luis Caldera, destac\u00f3 el alcance de la jornada: \u201cConsolidando la Zona Binacional de Paz n\u00famero uno, llegamos a la poblaci\u00f3n de Cojoro, cumpliendo instrucciones de nuestro presidente Nicol\u00e1s Maduro Moros, garantizando la identidad a los pueblos y comunidades ind\u00edgenas, en este caso, al pueblo wayuu. Aqu\u00ed se est\u00e1 articulado, dispuestos siempre el SAIME, el MINPPI con nuestra ministra Clara Vidal, la Gobernaci\u00f3n Bolivariana del Zulia, con las tres comunas y 42 consejos comunales. Patria para los indios. Venceremos\u201d.<\/p>\n\n\n\n<p>La jornada cont\u00f3 con el respaldo de la Secretar\u00eda de Pueblos Ind\u00edgenas, la C\u00e1mara Municipal, el Registro Civil y la Intendencia del municipio Guajira, adem\u00e1s de las tres comunas ind\u00edgenas wayuu conformadas por 42 consejos comunales.<\/p>\n\n\n\n<p>En la parroquia Alta Guajira se atendieron las comunas \u201cDonde nace la patria\u201d, que agrupa 13 consejos comunales; \u201cFuerza del pueblo wayuu\u201d, integrada por 12; y \u201cUnidos por nuestra tierra\u201d, conformada por 17.<\/p>\n\n\n\n<p>De esta manera, el Gobierno Nacional reafirma su compromiso con la soberan\u00eda y el reconocimiento de los derechos fundamentales de los pueblos ind\u00edgenas, mediante este tipo de acciones en el territorio zuliano.<br><strong><em>ET \/ Nota de Prensa<\/em><\/strong><\/p>\n","protected":false},"excerpt":{"rendered":"<p>ENTRE TORMENTAS. En el marco de la Ruta Nacional de Cedulaci\u00f3n Ind\u00edgena, la Gobernaci\u00f3n del&#8230;<\/p>\n","protected":false},"author":2,"featured_media":24041,"comment_status":"closed","ping_status":"open","sticky":false,"template":"","format":"standard","meta":{"footnotes":""},"categories":[57,1],"tags":[386,392,387,391],"class_list":["post-24039","post","type-post","status-publish","format-standard","has-post-thumbnail","hentry","category-actualidad","category-regionales","tag-gobernacion-del-zulia","tag-guajira","tag-luis-caldera","tag-saime"],"_links":{"self":[{"href":"https:\/\/entretormentas.com\/index.php?rest_route=\/wp\/v2\/posts\/24039","targetHints":{"allow":["GET"]}}],"collection":[{"href":"https:\/\/entretormentas.com\/index.php?rest_route=\/wp\/v2\/posts"}],"about":[{"href":"https:\/\/entretormentas.com\/index.php?rest_route=\/wp\/v2\/types\/post"}],"author":[{"embeddable":true,"href":"https:\/\/entretormentas.com\/index.php?rest_route=\/wp\/v2\/users\/2"}],"replies":[{"embeddable":true,"href":"https:\/\/entretormentas.com\/index.php?rest_route=%2Fwp%2Fv2%2Fcomments&post=24039"}],"version-history":[{"count":1,"href":"https:\/\/entretormentas.com\/index.php?rest_route=\/wp\/v2\/posts\/24039\/revisions"}],"predecessor-version":[{"id":24042,"href":"https:\/\/entretormentas.com\/index.php?rest_route=\/wp\/v2\/posts\/24039\/revisions\/24042"}],"wp:featuredmedia":[{"embeddable":true,"href":"https:\/\/entretormentas.com\/index.php?rest_route=\/wp\/v2\/media\/24041"}],"wp:attachment":[{"href":"https:\/\/entretormentas.com\/index.php?rest_route=%2Fwp%2Fv2%2Fmedia&parent=24039"}],"wp:term":[{"taxonomy":"category","embeddable":true,"href":"https:\/\/entretormentas.com\/index.php?rest_route=%2Fwp%2Fv2%2Fcategories&post=24039"},{"taxonomy":"post_tag","embeddable":true,"href":"https:\/\/entretormentas.com\/index.php?rest_route=%2Fwp%2Fv2%2Ftags&post=24039"}],"curies":[{"name":"wp","href":"https:\/\/api.w.org\/{rel}","templated":true}]}}